{"id":1064,"date":"2016-10-01T14:14:42","date_gmt":"2016-10-01T13:14:42","guid":{"rendered":"http:\/\/crecre.christelle-daures.com\/blog\/?p=1064"},"modified":"2017-03-28T17:17:42","modified_gmt":"2017-03-28T16:17:42","slug":"happy-fall","status":"publish","type":"post","link":"https:\/\/crecre.christelle-daures.com\/blog\/2016\/10\/happy-fall.html","title":{"rendered":"Fond d&rsquo;\u00e9cran &#8211; Happy Fall"},"content":{"rendered":"<p style=\"text-align: center;\"><a href=\"http:\/\/crecre.christelle-daures.com\/blog\/wp-content\/uploads\/2016\/09\/happy-fall-fond-ecran-automne-autumn-iphone-illustration.jpg\"><img loading=\"lazy\" class=\"alignnone size-full wp-image-1065\" src=\"http:\/\/crecre.christelle-daures.com\/blog\/wp-content\/uploads\/2016\/09\/happy-fall-fond-ecran-automne-autumn-iphone-illustration.jpg\" alt=\"\" width=\"2000\" height=\"1540\" srcset=\"https:\/\/crecre.christelle-daures.com\/blog\/wp-content\/uploads\/2016\/09\/happy-fall-fond-ecran-automne-autumn-iphone-illustration.jpg 2000w, https:\/\/crecre.christelle-daures.com\/blog\/wp-content\/uploads\/2016\/09\/happy-fall-fond-ecran-automne-autumn-iphone-illustration-300x231.jpg 300w, https:\/\/crecre.christelle-daures.com\/blog\/wp-content\/uploads\/2016\/09\/happy-fall-fond-ecran-automne-autumn-iphone-illustration-768x591.jpg 768w, https:\/\/crecre.christelle-daures.com\/blog\/wp-content\/uploads\/2016\/09\/happy-fall-fond-ecran-automne-autumn-iphone-illustration-1024x788.jpg 1024w\" sizes=\"(max-width: 2000px) 100vw, 2000px\" \/><\/a><\/p>\n<p style=\"text-align: center;\">Bonjour \u00e0 toutes,<\/p>\n<p style=\"text-align: center;\">Aujourd&rsquo;hui je vous pr\u00e9sente <strong>mon nouveau fond d&rsquo;\u00e9cran \u00ab\u00a0Happy Fall\u00a0\u00bb \u00a0<\/strong>aux couleurs de l&rsquo;automne. J&rsquo;aime beaucoup cette saison :) Ca fait du bien d&rsquo;avoir un peu de fraicheur juste apr\u00e8s l&rsquo;\u00e9t\u00e9 sans qu&rsquo;il ne fasse trop froid non plus (et en plus c&rsquo;est bient\u00f4t mon anniversaire :D)<\/p>\n<p style=\"text-align: center;\">Vous pouvez mettre ce fond d&rsquo;\u00e9cran sur vos smartphone et tablette ;)<\/p>\n<p style=\"text-align: center;\"><span style=\"text-decoration: underline;\"><b>iPhone 6 +<\/b><\/span><\/p>\n<p style=\"text-align: center;\"><a href=\"http:\/\/crecre.christelle-daures.com\/blog\/wp-content\/uploads\/2016\/09\/iphone-6.png\"><img loading=\"lazy\" class=\"alignnone wp-image-1067\" src=\"http:\/\/crecre.christelle-daures.com\/blog\/wp-content\/uploads\/2016\/09\/iphone-6.png\" alt=\"iphone-6\" width=\"261\" height=\"466\" \/><\/a><\/p>\n<p style=\"text-align: center;\"><span style=\"text-decoration: underline;\"><b>iPhone 6 &#8211; 6s<\/b><\/span><\/p>\n<p style=\"text-align: center;\"><a href=\"http:\/\/crecre.christelle-daures.com\/blog\/wp-content\/uploads\/2016\/09\/iphone6.jpg\"><img loading=\"lazy\" class=\"alignnone wp-image-1068\" src=\"http:\/\/crecre.christelle-daures.com\/blog\/wp-content\/uploads\/2016\/09\/iphone6.jpg\" alt=\"iphone6\" width=\"265\" height=\"459\" \/><\/a><\/p>\n<p style=\"text-align: center;\"><span style=\"text-decoration: underline;\"><b>iPhone 5 &#8211; 5s<\/b><\/span><\/p>\n<p style=\"text-align: center;\"><a href=\"http:\/\/crecre.christelle-daures.com\/blog\/wp-content\/uploads\/2016\/09\/iphone5.png\"><img loading=\"lazy\" class=\"alignnone wp-image-1069\" src=\"http:\/\/crecre.christelle-daures.com\/blog\/wp-content\/uploads\/2016\/09\/iphone5.png\" alt=\"iphone5\" width=\"266\" height=\"474\" \/><\/a><\/p>\n<p style=\"text-align: center;\"><span style=\"text-decoration: underline;\"><b>iPhone 4 &#8211; 4s<\/b><\/span><\/p>\n<p style=\"text-align: center;\"><a href=\"http:\/\/crecre.christelle-daures.com\/blog\/wp-content\/uploads\/2016\/09\/iphone4.png\"><img loading=\"lazy\" class=\"alignnone wp-image-1070\" src=\"http:\/\/crecre.christelle-daures.com\/blog\/wp-content\/uploads\/2016\/09\/iphone4.png\" alt=\"iphone4\" width=\"270\" height=\"420\" \/><\/a><\/p>\n<p style=\"text-align: center;\"><span style=\"text-decoration: underline;\"><b>iPad<\/b><\/span><\/p>\n<p style=\"text-align: center;\"><a href=\"http:\/\/crecre.christelle-daures.com\/blog\/wp-content\/uploads\/2016\/10\/ipad.png\"><img loading=\"lazy\" class=\"alignnone wp-image-1163\" src=\"http:\/\/crecre.christelle-daures.com\/blog\/wp-content\/uploads\/2016\/10\/ipad.png\" alt=\"ipad\" width=\"369\" height=\"501\" \/><\/a><\/p>\n<p style=\"text-align: center;\">A bient\u00f4t  <img src='https:\/\/crecre.christelle-daures.com\/blog\/wp-content\/plugins\/wp-monalisa\/icons\/36.png' alt=':kiss:' width='24' height='24' class='wpml_ico' \/> <\/p>\n","protected":false},"excerpt":{"rendered":"<p>Bonjour \u00e0 toutes, Aujourd&rsquo;hui je vous pr\u00e9sente mon nouveau fond d&rsquo;\u00e9cran \u00ab\u00a0Happy Fall\u00a0\u00bb \u00a0aux couleurs de l&rsquo;automne. J&rsquo;aime beaucoup cette saison :) Ca fait du bien d&rsquo;avoir un peu de fraicheur juste apr\u00e8s l&rsquo;\u00e9t\u00e9 sans qu&rsquo;il ne fasse trop froid non plus (et en plus&#8230;<\/p>\n","protected":false},"author":1,"featured_media":1065,"comment_status":"open","ping_status":"open","sticky":false,"template":"","format":"standard","meta":[],"categories":[2],"tags":[],"yoast_head":"<!-- This site is optimized with the Yoast SEO plugin v18.4.1 - https:\/\/yoast.com\/wordpress\/plugins\/seo\/ -->\n<title>Fond d&#039;\u00e9cran - Happy Fall - Crecre<\/title>\n<meta name=\"robots\" content=\"index, follow, max-snippet:-1, max-image-preview:large, max-video-preview:-1\" \/>\n<link rel=\"canonical\" href=\"https:\/\/crecre.christelle-daures.com\/blog\/2016\/10\/happy-fall.html\" \/>\n<meta property=\"og:locale\" content=\"fr_FR\" \/>\n<meta property=\"og:type\" content=\"article\" \/>\n<meta property=\"og:title\" content=\"Fond d&#039;\u00e9cran - Happy Fall - Crecre\" \/>\n<meta property=\"og:description\" content=\"Bonjour \u00e0 toutes, Aujourd&rsquo;hui je vous pr\u00e9sente mon nouveau fond d&rsquo;\u00e9cran \u00ab\u00a0Happy Fall\u00a0\u00bb \u00a0aux couleurs de l&rsquo;automne. J&rsquo;aime beaucoup cette saison :) Ca fait du bien d&rsquo;avoir un peu de fraicheur juste apr\u00e8s l&rsquo;\u00e9t\u00e9 sans qu&rsquo;il ne fasse trop froid non plus (et en plus...\" \/>\n<meta property=\"og:url\" content=\"https:\/\/crecre.christelle-daures.com\/blog\/2016\/10\/happy-fall.html\" \/>\n<meta property=\"og:site_name\" content=\"Crecre\" \/>\n<meta property=\"article:author\" content=\"https:\/\/www.facebook.com\/Crecre-187896058009385\/\" \/>\n<meta property=\"article:published_time\" content=\"2016-10-01T13:14:42+00:00\" \/>\n<meta property=\"article:modified_time\" content=\"2017-03-28T16:17:42+00:00\" \/>\n<meta property=\"og:image\" content=\"https:\/\/crecre.christelle-daures.com\/blog\/wp-content\/uploads\/2016\/09\/happy-fall-fond-ecran-automne-autumn-iphone-illustration.jpg\" \/>\n\t<meta property=\"og:image:width\" content=\"2000\" \/>\n\t<meta property=\"og:image:height\" content=\"1540\" \/>\n\t<meta property=\"og:image:type\" content=\"image\/jpeg\" \/>\n<meta name=\"twitter:card\" content=\"summary_large_image\" \/>\n<meta name=\"twitter:label1\" content=\"\u00c9crit par\" \/>\n\t<meta name=\"twitter:data1\" content=\"Christelle\" \/>\n<script type=\"application\/ld+json\" class=\"yoast-schema-graph\">{\"@context\":\"https:\/\/schema.org\",\"@graph\":[{\"@type\":\"WebSite\",\"@id\":\"https:\/\/crecre.christelle-daures.com\/blog\/#website\",\"url\":\"https:\/\/crecre.christelle-daures.com\/blog\/\",\"name\":\"Crecre\",\"description\":\"illustrations\",\"potentialAction\":[{\"@type\":\"SearchAction\",\"target\":{\"@type\":\"EntryPoint\",\"urlTemplate\":\"https:\/\/crecre.christelle-daures.com\/blog\/?s={search_term_string}\"},\"query-input\":\"required name=search_term_string\"}],\"inLanguage\":\"fr-FR\"},{\"@type\":\"ImageObject\",\"@id\":\"https:\/\/crecre.christelle-daures.com\/blog\/2016\/10\/happy-fall.html#primaryimage\",\"inLanguage\":\"fr-FR\",\"url\":\"https:\/\/crecre.christelle-daures.com\/blog\/wp-content\/uploads\/2016\/09\/happy-fall-fond-ecran-automne-autumn-iphone-illustration.jpg\",\"contentUrl\":\"https:\/\/crecre.christelle-daures.com\/blog\/wp-content\/uploads\/2016\/09\/happy-fall-fond-ecran-automne-autumn-iphone-illustration.jpg\",\"width\":2000,\"height\":1540},{\"@type\":\"WebPage\",\"@id\":\"https:\/\/crecre.christelle-daures.com\/blog\/2016\/10\/happy-fall.html#webpage\",\"url\":\"https:\/\/crecre.christelle-daures.com\/blog\/2016\/10\/happy-fall.html\",\"name\":\"Fond d'\u00e9cran - Happy Fall - Crecre\",\"isPartOf\":{\"@id\":\"https:\/\/crecre.christelle-daures.com\/blog\/#website\"},\"primaryImageOfPage\":{\"@id\":\"https:\/\/crecre.christelle-daures.com\/blog\/2016\/10\/happy-fall.html#primaryimage\"},\"datePublished\":\"2016-10-01T13:14:42+00:00\",\"dateModified\":\"2017-03-28T16:17:42+00:00\",\"author\":{\"@id\":\"https:\/\/crecre.christelle-daures.com\/blog\/#\/schema\/person\/7fed972ff890c5e040b33a7809077a56\"},\"breadcrumb\":{\"@id\":\"https:\/\/crecre.christelle-daures.com\/blog\/2016\/10\/happy-fall.html#breadcrumb\"},\"inLanguage\":\"fr-FR\",\"potentialAction\":[{\"@type\":\"ReadAction\",\"target\":[\"https:\/\/crecre.christelle-daures.com\/blog\/2016\/10\/happy-fall.html\"]}]},{\"@type\":\"BreadcrumbList\",\"@id\":\"https:\/\/crecre.christelle-daures.com\/blog\/2016\/10\/happy-fall.html#breadcrumb\",\"itemListElement\":[{\"@type\":\"ListItem\",\"position\":1,\"name\":\"Accueil\",\"item\":\"https:\/\/crecre.christelle-daures.com\/blog\"},{\"@type\":\"ListItem\",\"position\":2,\"name\":\"Fond d&rsquo;\u00e9cran &#8211; Happy Fall\"}]},{\"@type\":\"Person\",\"@id\":\"https:\/\/crecre.christelle-daures.com\/blog\/#\/schema\/person\/7fed972ff890c5e040b33a7809077a56\",\"name\":\"Christelle\",\"image\":{\"@type\":\"ImageObject\",\"@id\":\"https:\/\/crecre.christelle-daures.com\/blog\/#personlogo\",\"inLanguage\":\"fr-FR\",\"url\":\"https:\/\/secure.gravatar.com\/avatar\/aed762e140f734e7f8b6b4d4798407d2?s=96&d=mm&r=g\",\"contentUrl\":\"https:\/\/secure.gravatar.com\/avatar\/aed762e140f734e7f8b6b4d4798407d2?s=96&d=mm&r=g\",\"caption\":\"Christelle\"},\"description\":\"Christelle Daures, illustratrice et graphiste de 24 ans. J'aime dessiner et m'inspirer de la mode. Originaire de Lyon, apr\u00e8s \u00eatre pass\u00e9e par Rennes, j'ai adopt\u00e9 Nantes.\",\"sameAs\":[\"http:\/\/christelle-daures.com\/\",\"https:\/\/www.facebook.com\/Crecre-187896058009385\/\",\"https:\/\/instagram.com\/crecre17\/\",\"https:\/\/www.pinterest.com\/crecre01\/\"],\"url\":\"https:\/\/crecre.christelle-daures.com\/blog\/author\/christelle\"}]}<\/script>\n<!-- \/ Yoast SEO plugin. -->","yoast_head_json":{"title":"Fond d'\u00e9cran - Happy Fall - Crecre","robots":{"index":"index","follow":"follow","max-snippet":"max-snippet:-1","max-image-preview":"max-image-preview:large","max-video-preview":"max-video-preview:-1"},"canonical":"https:\/\/crecre.christelle-daures.com\/blog\/2016\/10\/happy-fall.html","og_locale":"fr_FR","og_type":"article","og_title":"Fond d'\u00e9cran - Happy Fall - Crecre","og_description":"Bonjour \u00e0 toutes, Aujourd&rsquo;hui je vous pr\u00e9sente mon nouveau fond d&rsquo;\u00e9cran \u00ab\u00a0Happy Fall\u00a0\u00bb \u00a0aux couleurs de l&rsquo;automne. J&rsquo;aime beaucoup cette saison :) Ca fait du bien d&rsquo;avoir un peu de fraicheur juste apr\u00e8s l&rsquo;\u00e9t\u00e9 sans qu&rsquo;il ne fasse trop froid non plus (et en plus...","og_url":"https:\/\/crecre.christelle-daures.com\/blog\/2016\/10\/happy-fall.html","og_site_name":"Crecre","article_author":"https:\/\/www.facebook.com\/Crecre-187896058009385\/","article_published_time":"2016-10-01T13:14:42+00:00","article_modified_time":"2017-03-28T16:17:42+00:00","og_image":[{"width":2000,"height":1540,"url":"https:\/\/crecre.christelle-daures.com\/blog\/wp-content\/uploads\/2016\/09\/happy-fall-fond-ecran-automne-autumn-iphone-illustration.jpg","type":"image\/jpeg"}],"twitter_card":"summary_large_image","twitter_misc":{"\u00c9crit par":"Christelle"},"schema":{"@context":"https:\/\/schema.org","@graph":[{"@type":"WebSite","@id":"https:\/\/crecre.christelle-daures.com\/blog\/#website","url":"https:\/\/crecre.christelle-daures.com\/blog\/","name":"Crecre","description":"illustrations","potentialAction":[{"@type":"SearchAction","target":{"@type":"EntryPoint","urlTemplate":"https:\/\/crecre.christelle-daures.com\/blog\/?s={search_term_string}"},"query-input":"required name=search_term_string"}],"inLanguage":"fr-FR"},{"@type":"ImageObject","@id":"https:\/\/crecre.christelle-daures.com\/blog\/2016\/10\/happy-fall.html#primaryimage","inLanguage":"fr-FR","url":"https:\/\/crecre.christelle-daures.com\/blog\/wp-content\/uploads\/2016\/09\/happy-fall-fond-ecran-automne-autumn-iphone-illustration.jpg","contentUrl":"https:\/\/crecre.christelle-daures.com\/blog\/wp-content\/uploads\/2016\/09\/happy-fall-fond-ecran-automne-autumn-iphone-illustration.jpg","width":2000,"height":1540},{"@type":"WebPage","@id":"https:\/\/crecre.christelle-daures.com\/blog\/2016\/10\/happy-fall.html#webpage","url":"https:\/\/crecre.christelle-daures.com\/blog\/2016\/10\/happy-fall.html","name":"Fond d'\u00e9cran - Happy Fall - Crecre","isPartOf":{"@id":"https:\/\/crecre.christelle-daures.com\/blog\/#website"},"primaryImageOfPage":{"@id":"https:\/\/crecre.christelle-daures.com\/blog\/2016\/10\/happy-fall.html#primaryimage"},"datePublished":"2016-10-01T13:14:42+00:00","dateModified":"2017-03-28T16:17:42+00:00","author":{"@id":"https:\/\/crecre.christelle-daures.com\/blog\/#\/schema\/person\/7fed972ff890c5e040b33a7809077a56"},"breadcrumb":{"@id":"https:\/\/crecre.christelle-daures.com\/blog\/2016\/10\/happy-fall.html#breadcrumb"},"inLanguage":"fr-FR","potentialAction":[{"@type":"ReadAction","target":["https:\/\/crecre.christelle-daures.com\/blog\/2016\/10\/happy-fall.html"]}]},{"@type":"BreadcrumbList","@id":"https:\/\/crecre.christelle-daures.com\/blog\/2016\/10\/happy-fall.html#breadcrumb","itemListElement":[{"@type":"ListItem","position":1,"name":"Accueil","item":"https:\/\/crecre.christelle-daures.com\/blog"},{"@type":"ListItem","position":2,"name":"Fond d&rsquo;\u00e9cran &#8211; Happy Fall"}]},{"@type":"Person","@id":"https:\/\/crecre.christelle-daures.com\/blog\/#\/schema\/person\/7fed972ff890c5e040b33a7809077a56","name":"Christelle","image":{"@type":"ImageObject","@id":"https:\/\/crecre.christelle-daures.com\/blog\/#personlogo","inLanguage":"fr-FR","url":"https:\/\/secure.gravatar.com\/avatar\/aed762e140f734e7f8b6b4d4798407d2?s=96&d=mm&r=g","contentUrl":"https:\/\/secure.gravatar.com\/avatar\/aed762e140f734e7f8b6b4d4798407d2?s=96&d=mm&r=g","caption":"Christelle"},"description":"Christelle Daures, illustratrice et graphiste de 24 ans. J'aime dessiner et m'inspirer de la mode. Originaire de Lyon, apr\u00e8s \u00eatre pass\u00e9e par Rennes, j'ai adopt\u00e9 Nantes.","sameAs":["http:\/\/christelle-daures.com\/","https:\/\/www.facebook.com\/Crecre-187896058009385\/","https:\/\/instagram.com\/crecre17\/","https:\/\/www.pinterest.com\/crecre01\/"],"url":"https:\/\/crecre.christelle-daures.com\/blog\/author\/christelle"}]}},"_links":{"self":[{"href":"https:\/\/crecre.christelle-daures.com\/blog\/wp-json\/wp\/v2\/posts\/1064"}],"collection":[{"href":"https:\/\/crecre.christelle-daures.com\/blog\/wp-json\/wp\/v2\/posts"}],"about":[{"href":"https:\/\/crecre.christelle-daures.com\/blog\/wp-json\/wp\/v2\/types\/post"}],"author":[{"embeddable":true,"href":"https:\/\/crecre.christelle-daures.com\/blog\/wp-json\/wp\/v2\/users\/1"}],"replies":[{"embeddable":true,"href":"https:\/\/crecre.christelle-daures.com\/blog\/wp-json\/wp\/v2\/comments?post=1064"}],"version-history":[{"count":8,"href":"https:\/\/crecre.christelle-daures.com\/blog\/wp-json\/wp\/v2\/posts\/1064\/revisions"}],"predecessor-version":[{"id":1392,"href":"https:\/\/crecre.christelle-daures.com\/blog\/wp-json\/wp\/v2\/posts\/1064\/revisions\/1392"}],"wp:featuredmedia":[{"embeddable":true,"href":"https:\/\/crecre.christelle-daures.com\/blog\/wp-json\/wp\/v2\/media\/1065"}],"wp:attachment":[{"href":"https:\/\/crecre.christelle-daures.com\/blog\/wp-json\/wp\/v2\/media?parent=1064"}],"wp:term":[{"taxonomy":"category","embeddable":true,"href":"https:\/\/crecre.christelle-daures.com\/blog\/wp-json\/wp\/v2\/categories?post=1064"},{"taxonomy":"post_tag","embeddable":true,"href":"https:\/\/crecre.christelle-daures.com\/blog\/wp-json\/wp\/v2\/tags?post=1064"}],"curies":[{"name":"wp","href":"https:\/\/api.w.org\/{rel}","templated":true}]}}