{"id":1143,"date":"2016-11-15T19:13:45","date_gmt":"2016-11-15T18:13:45","guid":{"rendered":"http:\/\/crecre.christelle-daures.com\/blog\/?p=1143"},"modified":"2017-03-28T17:13:11","modified_gmt":"2017-03-28T16:13:11","slug":"magic-night-sky-fond-decran","status":"publish","type":"post","link":"https:\/\/crecre.christelle-daures.com\/blog\/2016\/11\/magic-night-sky-fond-decran.html","title":{"rendered":"Magic Night Sky &#8211; Fond d&rsquo;\u00e9cran"},"content":{"rendered":"<p style=\"text-align: center;\"><a href=\"http:\/\/crecre.christelle-daures.com\/blog\/wp-content\/uploads\/2016\/11\/magic-night-sky-fond-ecran-crecre-wallpaper.jpg\"><img loading=\"lazy\" class=\"alignnone size-full wp-image-1145\" src=\"http:\/\/crecre.christelle-daures.com\/blog\/wp-content\/uploads\/2016\/11\/magic-night-sky-fond-ecran-crecre-wallpaper.jpg\" alt=\"\" width=\"2000\" height=\"1540\" srcset=\"https:\/\/crecre.christelle-daures.com\/blog\/wp-content\/uploads\/2016\/11\/magic-night-sky-fond-ecran-crecre-wallpaper.jpg 2000w, https:\/\/crecre.christelle-daures.com\/blog\/wp-content\/uploads\/2016\/11\/magic-night-sky-fond-ecran-crecre-wallpaper-300x231.jpg 300w, https:\/\/crecre.christelle-daures.com\/blog\/wp-content\/uploads\/2016\/11\/magic-night-sky-fond-ecran-crecre-wallpaper-768x591.jpg 768w, https:\/\/crecre.christelle-daures.com\/blog\/wp-content\/uploads\/2016\/11\/magic-night-sky-fond-ecran-crecre-wallpaper-1024x788.jpg 1024w\" sizes=\"(max-width: 2000px) 100vw, 2000px\" \/><\/a><\/p>\n<p style=\"text-align: center;\">Bonsoir \u00e0 toute &#x1f600;,<\/p>\n<p style=\"text-align: center;\">Je vous pr\u00e9sente ce soir mon nouveau fond d&rsquo;\u00e9cran <em><span style=\"color: #4c22bf;\">\u00ab\u00a0Magic Night Sky\u00a0\u00bb<\/span>,<\/em>\u00a0une illustration dans l&rsquo;ambiance nuit \u00e9toil\u00e9e, aux couleurs violette, pour les longues soir\u00e9es d&rsquo;hiver au coin du feu \u2744\ufe0f &#x1f328;.<\/p>\n<p style=\"text-align: center;\">Vous pouvez l&rsquo;ajouter sur votre smartphone ou tablette.\u00a0&#x1f609;<\/p>\n<p style=\"text-align: center;\">Et\u00a0oui&#8230; vous aurez remarqu\u00e9 le petit clin d&rsquo;oeil \u00e0 la grande lune d&rsquo;hier !\u00a0&#x1f315; &#x1f605;<\/p>\n<p style=\"text-align: center;\"><span style=\"text-decoration: underline;\"><b>iPhone 6 +<\/b><\/span><\/p>\n<p style=\"text-align: center;\"><a href=\"http:\/\/crecre.christelle-daures.com\/blog\/wp-content\/uploads\/2016\/11\/iphone-6-1-fond-ecran-magic-night-sky-crecre.png\"><img loading=\"lazy\" class=\"alignnone wp-image-1146\" src=\"http:\/\/crecre.christelle-daures.com\/blog\/wp-content\/uploads\/2016\/11\/iphone-6-1-fond-ecran-magic-night-sky-crecre.png\" alt=\"iphone-6-1-fond-ecran-magic-night-sky-crecre\" width=\"228\" height=\"406\" srcset=\"https:\/\/crecre.christelle-daures.com\/blog\/wp-content\/uploads\/2016\/11\/iphone-6-1-fond-ecran-magic-night-sky-crecre.png 1080w, https:\/\/crecre.christelle-daures.com\/blog\/wp-content\/uploads\/2016\/11\/iphone-6-1-fond-ecran-magic-night-sky-crecre-169x300.png 169w, https:\/\/crecre.christelle-daures.com\/blog\/wp-content\/uploads\/2016\/11\/iphone-6-1-fond-ecran-magic-night-sky-crecre-768x1365.png 768w, https:\/\/crecre.christelle-daures.com\/blog\/wp-content\/uploads\/2016\/11\/iphone-6-1-fond-ecran-magic-night-sky-crecre-576x1024.png 576w\" sizes=\"(max-width: 228px) 100vw, 228px\" \/><\/a>\u00a0 \u00a0<a href=\"http:\/\/crecre.christelle-daures.com\/blog\/wp-content\/uploads\/2016\/11\/iphone-6-2-fond-ecran-magic-night-sky-crecre.png\"><img loading=\"lazy\" class=\"alignnone wp-image-1147\" src=\"http:\/\/crecre.christelle-daures.com\/blog\/wp-content\/uploads\/2016\/11\/iphone-6-2-fond-ecran-magic-night-sky-crecre.png\" alt=\"iphone-6-2-fond-ecran-magic-night-sky-crecre\" width=\"228\" height=\"399\" \/><\/a><\/p>\n<p style=\"text-align: center;\"><span style=\"text-decoration: underline;\"><b>iPhone 6 &#8211; 6s<\/b><\/span><\/p>\n<p style=\"text-align: center;\"><a href=\"http:\/\/crecre.christelle-daures.com\/blog\/wp-content\/uploads\/2016\/11\/iphone6-1-fond-ecran-magic-night-sky-crecre.png\"><img loading=\"lazy\" class=\"alignnone wp-image-1148\" src=\"http:\/\/crecre.christelle-daures.com\/blog\/wp-content\/uploads\/2016\/11\/iphone6-1-fond-ecran-magic-night-sky-crecre.png\" alt=\"iphone6-1-fond-ecran-magic-night-sky-crecre\" width=\"215\" height=\"380\" \/><\/a>\u00a0 \u00a0<a href=\"http:\/\/crecre.christelle-daures.com\/blog\/wp-content\/uploads\/2016\/11\/iphone6-2-fond-ecran-magic-night-sky-crecre.png\"><img loading=\"lazy\" class=\"alignnone wp-image-1149\" src=\"http:\/\/crecre.christelle-daures.com\/blog\/wp-content\/uploads\/2016\/11\/iphone6-2-fond-ecran-magic-night-sky-crecre.png\" alt=\"iphone6-2-fond-ecran-magic-night-sky-crecre\" width=\"215\" height=\"364\" \/><\/a><\/p>\n<p style=\"text-align: center;\"><span style=\"text-decoration: underline;\"><b>iPhone 5 &#8211; 5s<\/b><\/span><\/p>\n<p style=\"text-align: center;\"><a href=\"http:\/\/crecre.christelle-daures.com\/blog\/wp-content\/uploads\/2016\/11\/iphone5-1-fond-ecran-magic-night-sky-crecre.png\"><img loading=\"lazy\" class=\"alignnone wp-image-1151\" src=\"http:\/\/crecre.christelle-daures.com\/blog\/wp-content\/uploads\/2016\/11\/iphone5-1-fond-ecran-magic-night-sky-crecre.png\" alt=\"iphone5-1-fond-ecran-magic-night-sky-crecre\" width=\"211\" height=\"381\" \/><\/a>\u00a0 \u00a0<a href=\"http:\/\/crecre.christelle-daures.com\/blog\/wp-content\/uploads\/2016\/11\/iphone5-2-fond-ecran-magic-night-sky-crecre.png\"><img loading=\"lazy\" class=\"alignnone wp-image-1152\" src=\"http:\/\/crecre.christelle-daures.com\/blog\/wp-content\/uploads\/2016\/11\/iphone5-2-fond-ecran-magic-night-sky-crecre.png\" alt=\"iphone5-2-fond-ecran-magic-night-sky-crecre\" width=\"210\" height=\"374\" srcset=\"https:\/\/crecre.christelle-daures.com\/blog\/wp-content\/uploads\/2016\/11\/iphone5-2-fond-ecran-magic-night-sky-crecre.png 640w, https:\/\/crecre.christelle-daures.com\/blog\/wp-content\/uploads\/2016\/11\/iphone5-2-fond-ecran-magic-night-sky-crecre-169x300.png 169w, https:\/\/crecre.christelle-daures.com\/blog\/wp-content\/uploads\/2016\/11\/iphone5-2-fond-ecran-magic-night-sky-crecre-577x1024.png 577w\" sizes=\"(max-width: 210px) 100vw, 210px\" \/><\/a><\/p>\n<p style=\"text-align: center;\"><span style=\"text-decoration: underline;\"><b>iPhone 4 &#8211; 4s<\/b><\/span><\/p>\n<p style=\"text-align: center;\"><a href=\"http:\/\/crecre.christelle-daures.com\/blog\/wp-content\/uploads\/2016\/11\/iphone4-1-fond-ecran-magic-night-sky-crecre.png\"><img loading=\"lazy\" class=\"alignnone wp-image-1154\" src=\"http:\/\/crecre.christelle-daures.com\/blog\/wp-content\/uploads\/2016\/11\/iphone4-1-fond-ecran-magic-night-sky-crecre.png\" alt=\"iphone4-1-fond-ecran-magic-night-sky-crecre\" width=\"225\" height=\"339\" srcset=\"https:\/\/crecre.christelle-daures.com\/blog\/wp-content\/uploads\/2016\/11\/iphone4-1-fond-ecran-magic-night-sky-crecre.png 640w, https:\/\/crecre.christelle-daures.com\/blog\/wp-content\/uploads\/2016\/11\/iphone4-1-fond-ecran-magic-night-sky-crecre-200x300.png 200w\" sizes=\"(max-width: 225px) 100vw, 225px\" \/><\/a>\u00a0 \u00a0<a href=\"http:\/\/crecre.christelle-daures.com\/blog\/wp-content\/uploads\/2016\/11\/iphone4-2-fond-ecran-magic-night-sky-crecre.png\"><img loading=\"lazy\" class=\"alignnone wp-image-1155\" src=\"http:\/\/crecre.christelle-daures.com\/blog\/wp-content\/uploads\/2016\/11\/iphone4-2-fond-ecran-magic-night-sky-crecre.png\" alt=\"iphone4-2-fond-ecran-magic-night-sky-crecre\" width=\"225\" height=\"336\" \/><\/a><\/p>\n<p style=\"text-align: center;\"><span style=\"text-decoration: underline;\"><b>iPad<\/b><\/span><\/p>\n<p style=\"text-align: center;\"><a href=\"http:\/\/crecre.christelle-daures.com\/blog\/wp-content\/uploads\/2016\/11\/ipad-1-fond-ecran-magic-night-sky-crecre.png\"><img loading=\"lazy\" class=\"alignnone wp-image-1158\" src=\"http:\/\/crecre.christelle-daures.com\/blog\/wp-content\/uploads\/2016\/11\/ipad-1-fond-ecran-magic-night-sky-crecre.png\" alt=\"ipad-1-fond-ecran-magic-night-sky-crecre\" width=\"250\" height=\"333\" srcset=\"https:\/\/crecre.christelle-daures.com\/blog\/wp-content\/uploads\/2016\/11\/ipad-1-fond-ecran-magic-night-sky-crecre.png 1536w, https:\/\/crecre.christelle-daures.com\/blog\/wp-content\/uploads\/2016\/11\/ipad-1-fond-ecran-magic-night-sky-crecre-225x300.png 225w, https:\/\/crecre.christelle-daures.com\/blog\/wp-content\/uploads\/2016\/11\/ipad-1-fond-ecran-magic-night-sky-crecre-768x1024.png 768w\" sizes=\"(max-width: 250px) 100vw, 250px\" \/><\/a>\u00a0 \u00a0<a href=\"http:\/\/crecre.christelle-daures.com\/blog\/wp-content\/uploads\/2016\/11\/ipad-2-fond-ecran-magic-night-sky-crecre.png\"><img loading=\"lazy\" class=\"alignnone wp-image-1159\" src=\"http:\/\/crecre.christelle-daures.com\/blog\/wp-content\/uploads\/2016\/11\/ipad-2-fond-ecran-magic-night-sky-crecre.png\" alt=\"ipad-2-fond-ecran-magic-night-sky-crecre\" width=\"250\" height=\"335\" \/><\/a><\/p>\n<p style=\"text-align: center;\">A bient\u00f4t\u00a0&#x1f49c;<\/p>\n","protected":false},"excerpt":{"rendered":"<p>Bonsoir \u00e0 toute &#x1f600;, Je vous pr\u00e9sente ce soir mon nouveau fond d&rsquo;\u00e9cran \u00ab\u00a0Magic Night Sky\u00a0\u00bb,\u00a0une illustration dans l&rsquo;ambiance nuit \u00e9toil\u00e9e, aux couleurs violette, pour les longues soir\u00e9es d&rsquo;hiver au coin du feu \u2744\ufe0f &#x1f328;. Vous pouvez l&rsquo;ajouter sur votre smartphone ou tablette.\u00a0&#x1f609; Et\u00a0oui&#8230; vous&#8230;<\/p>\n","protected":false},"author":1,"featured_media":1145,"comment_status":"open","ping_status":"open","sticky":false,"template":"","format":"standard","meta":[],"categories":[2],"tags":[],"yoast_head":"<!-- This site is optimized with the Yoast SEO plugin v18.4.1 - https:\/\/yoast.com\/wordpress\/plugins\/seo\/ -->\n<title>Magic Night Sky - Fond d&#039;\u00e9cran - Crecre<\/title>\n<meta name=\"robots\" content=\"index, follow, max-snippet:-1, max-image-preview:large, max-video-preview:-1\" \/>\n<link rel=\"canonical\" href=\"https:\/\/crecre.christelle-daures.com\/blog\/2016\/11\/magic-night-sky-fond-decran.html\" \/>\n<meta property=\"og:locale\" content=\"fr_FR\" \/>\n<meta property=\"og:type\" content=\"article\" \/>\n<meta property=\"og:title\" content=\"Magic Night Sky - Fond d&#039;\u00e9cran - Crecre\" \/>\n<meta property=\"og:description\" content=\"Bonsoir \u00e0 toute &#x1f600;, Je vous pr\u00e9sente ce soir mon nouveau fond d&rsquo;\u00e9cran \u00ab\u00a0Magic Night Sky\u00a0\u00bb,\u00a0une illustration dans l&rsquo;ambiance nuit \u00e9toil\u00e9e, aux couleurs violette, pour les longues soir\u00e9es d&rsquo;hiver au coin du feu \u2744\ufe0f &#x1f328;. Vous pouvez l&rsquo;ajouter sur votre smartphone ou tablette.\u00a0&#x1f609; Et\u00a0oui&#8230; vous...\" \/>\n<meta property=\"og:url\" content=\"https:\/\/crecre.christelle-daures.com\/blog\/2016\/11\/magic-night-sky-fond-decran.html\" \/>\n<meta property=\"og:site_name\" content=\"Crecre\" \/>\n<meta property=\"article:author\" content=\"https:\/\/www.facebook.com\/Crecre-187896058009385\/\" \/>\n<meta property=\"article:published_time\" content=\"2016-11-15T18:13:45+00:00\" \/>\n<meta property=\"article:modified_time\" content=\"2017-03-28T16:13:11+00:00\" \/>\n<meta property=\"og:image\" content=\"https:\/\/crecre.christelle-daures.com\/blog\/wp-content\/uploads\/2016\/11\/magic-night-sky-fond-ecran-crecre-wallpaper.jpg\" \/>\n\t<meta property=\"og:image:width\" content=\"2000\" \/>\n\t<meta property=\"og:image:height\" content=\"1540\" \/>\n\t<meta property=\"og:image:type\" content=\"image\/jpeg\" \/>\n<meta name=\"twitter:card\" content=\"summary_large_image\" \/>\n<meta name=\"twitter:label1\" content=\"\u00c9crit par\" \/>\n\t<meta name=\"twitter:data1\" content=\"Christelle\" \/>\n<script type=\"application\/ld+json\" class=\"yoast-schema-graph\">{\"@context\":\"https:\/\/schema.org\",\"@graph\":[{\"@type\":\"WebSite\",\"@id\":\"https:\/\/crecre.christelle-daures.com\/blog\/#website\",\"url\":\"https:\/\/crecre.christelle-daures.com\/blog\/\",\"name\":\"Crecre\",\"description\":\"illustrations\",\"potentialAction\":[{\"@type\":\"SearchAction\",\"target\":{\"@type\":\"EntryPoint\",\"urlTemplate\":\"https:\/\/crecre.christelle-daures.com\/blog\/?s={search_term_string}\"},\"query-input\":\"required name=search_term_string\"}],\"inLanguage\":\"fr-FR\"},{\"@type\":\"ImageObject\",\"@id\":\"https:\/\/crecre.christelle-daures.com\/blog\/2016\/11\/magic-night-sky-fond-decran.html#primaryimage\",\"inLanguage\":\"fr-FR\",\"url\":\"https:\/\/crecre.christelle-daures.com\/blog\/wp-content\/uploads\/2016\/11\/magic-night-sky-fond-ecran-crecre-wallpaper.jpg\",\"contentUrl\":\"https:\/\/crecre.christelle-daures.com\/blog\/wp-content\/uploads\/2016\/11\/magic-night-sky-fond-ecran-crecre-wallpaper.jpg\",\"width\":2000,\"height\":1540},{\"@type\":\"WebPage\",\"@id\":\"https:\/\/crecre.christelle-daures.com\/blog\/2016\/11\/magic-night-sky-fond-decran.html#webpage\",\"url\":\"https:\/\/crecre.christelle-daures.com\/blog\/2016\/11\/magic-night-sky-fond-decran.html\",\"name\":\"Magic Night Sky - Fond d'\u00e9cran - Crecre\",\"isPartOf\":{\"@id\":\"https:\/\/crecre.christelle-daures.com\/blog\/#website\"},\"primaryImageOfPage\":{\"@id\":\"https:\/\/crecre.christelle-daures.com\/blog\/2016\/11\/magic-night-sky-fond-decran.html#primaryimage\"},\"datePublished\":\"2016-11-15T18:13:45+00:00\",\"dateModified\":\"2017-03-28T16:13:11+00:00\",\"author\":{\"@id\":\"https:\/\/crecre.christelle-daures.com\/blog\/#\/schema\/person\/7fed972ff890c5e040b33a7809077a56\"},\"breadcrumb\":{\"@id\":\"https:\/\/crecre.christelle-daures.com\/blog\/2016\/11\/magic-night-sky-fond-decran.html#breadcrumb\"},\"inLanguage\":\"fr-FR\",\"potentialAction\":[{\"@type\":\"ReadAction\",\"target\":[\"https:\/\/crecre.christelle-daures.com\/blog\/2016\/11\/magic-night-sky-fond-decran.html\"]}]},{\"@type\":\"BreadcrumbList\",\"@id\":\"https:\/\/crecre.christelle-daures.com\/blog\/2016\/11\/magic-night-sky-fond-decran.html#breadcrumb\",\"itemListElement\":[{\"@type\":\"ListItem\",\"position\":1,\"name\":\"Accueil\",\"item\":\"https:\/\/crecre.christelle-daures.com\/blog\"},{\"@type\":\"ListItem\",\"position\":2,\"name\":\"Magic Night Sky &#8211; Fond d&rsquo;\u00e9cran\"}]},{\"@type\":\"Person\",\"@id\":\"https:\/\/crecre.christelle-daures.com\/blog\/#\/schema\/person\/7fed972ff890c5e040b33a7809077a56\",\"name\":\"Christelle\",\"image\":{\"@type\":\"ImageObject\",\"@id\":\"https:\/\/crecre.christelle-daures.com\/blog\/#personlogo\",\"inLanguage\":\"fr-FR\",\"url\":\"https:\/\/secure.gravatar.com\/avatar\/aed762e140f734e7f8b6b4d4798407d2?s=96&d=mm&r=g\",\"contentUrl\":\"https:\/\/secure.gravatar.com\/avatar\/aed762e140f734e7f8b6b4d4798407d2?s=96&d=mm&r=g\",\"caption\":\"Christelle\"},\"description\":\"Christelle Daures, illustratrice et graphiste de 24 ans. J'aime dessiner et m'inspirer de la mode. Originaire de Lyon, apr\u00e8s \u00eatre pass\u00e9e par Rennes, j'ai adopt\u00e9 Nantes.\",\"sameAs\":[\"http:\/\/christelle-daures.com\/\",\"https:\/\/www.facebook.com\/Crecre-187896058009385\/\",\"https:\/\/instagram.com\/crecre17\/\",\"https:\/\/www.pinterest.com\/crecre01\/\"],\"url\":\"https:\/\/crecre.christelle-daures.com\/blog\/author\/christelle\"}]}<\/script>\n<!-- \/ Yoast SEO plugin. -->","yoast_head_json":{"title":"Magic Night Sky - Fond d'\u00e9cran - Crecre","robots":{"index":"index","follow":"follow","max-snippet":"max-snippet:-1","max-image-preview":"max-image-preview:large","max-video-preview":"max-video-preview:-1"},"canonical":"https:\/\/crecre.christelle-daures.com\/blog\/2016\/11\/magic-night-sky-fond-decran.html","og_locale":"fr_FR","og_type":"article","og_title":"Magic Night Sky - Fond d'\u00e9cran - Crecre","og_description":"Bonsoir \u00e0 toute &#x1f600;, Je vous pr\u00e9sente ce soir mon nouveau fond d&rsquo;\u00e9cran \u00ab\u00a0Magic Night Sky\u00a0\u00bb,\u00a0une illustration dans l&rsquo;ambiance nuit \u00e9toil\u00e9e, aux couleurs violette, pour les longues soir\u00e9es d&rsquo;hiver au coin du feu \u2744\ufe0f &#x1f328;. Vous pouvez l&rsquo;ajouter sur votre smartphone ou tablette.\u00a0&#x1f609; Et\u00a0oui&#8230; vous...","og_url":"https:\/\/crecre.christelle-daures.com\/blog\/2016\/11\/magic-night-sky-fond-decran.html","og_site_name":"Crecre","article_author":"https:\/\/www.facebook.com\/Crecre-187896058009385\/","article_published_time":"2016-11-15T18:13:45+00:00","article_modified_time":"2017-03-28T16:13:11+00:00","og_image":[{"width":2000,"height":1540,"url":"https:\/\/crecre.christelle-daures.com\/blog\/wp-content\/uploads\/2016\/11\/magic-night-sky-fond-ecran-crecre-wallpaper.jpg","type":"image\/jpeg"}],"twitter_card":"summary_large_image","twitter_misc":{"\u00c9crit par":"Christelle"},"schema":{"@context":"https:\/\/schema.org","@graph":[{"@type":"WebSite","@id":"https:\/\/crecre.christelle-daures.com\/blog\/#website","url":"https:\/\/crecre.christelle-daures.com\/blog\/","name":"Crecre","description":"illustrations","potentialAction":[{"@type":"SearchAction","target":{"@type":"EntryPoint","urlTemplate":"https:\/\/crecre.christelle-daures.com\/blog\/?s={search_term_string}"},"query-input":"required name=search_term_string"}],"inLanguage":"fr-FR"},{"@type":"ImageObject","@id":"https:\/\/crecre.christelle-daures.com\/blog\/2016\/11\/magic-night-sky-fond-decran.html#primaryimage","inLanguage":"fr-FR","url":"https:\/\/crecre.christelle-daures.com\/blog\/wp-content\/uploads\/2016\/11\/magic-night-sky-fond-ecran-crecre-wallpaper.jpg","contentUrl":"https:\/\/crecre.christelle-daures.com\/blog\/wp-content\/uploads\/2016\/11\/magic-night-sky-fond-ecran-crecre-wallpaper.jpg","width":2000,"height":1540},{"@type":"WebPage","@id":"https:\/\/crecre.christelle-daures.com\/blog\/2016\/11\/magic-night-sky-fond-decran.html#webpage","url":"https:\/\/crecre.christelle-daures.com\/blog\/2016\/11\/magic-night-sky-fond-decran.html","name":"Magic Night Sky - Fond d'\u00e9cran - Crecre","isPartOf":{"@id":"https:\/\/crecre.christelle-daures.com\/blog\/#website"},"primaryImageOfPage":{"@id":"https:\/\/crecre.christelle-daures.com\/blog\/2016\/11\/magic-night-sky-fond-decran.html#primaryimage"},"datePublished":"2016-11-15T18:13:45+00:00","dateModified":"2017-03-28T16:13:11+00:00","author":{"@id":"https:\/\/crecre.christelle-daures.com\/blog\/#\/schema\/person\/7fed972ff890c5e040b33a7809077a56"},"breadcrumb":{"@id":"https:\/\/crecre.christelle-daures.com\/blog\/2016\/11\/magic-night-sky-fond-decran.html#breadcrumb"},"inLanguage":"fr-FR","potentialAction":[{"@type":"ReadAction","target":["https:\/\/crecre.christelle-daures.com\/blog\/2016\/11\/magic-night-sky-fond-decran.html"]}]},{"@type":"BreadcrumbList","@id":"https:\/\/crecre.christelle-daures.com\/blog\/2016\/11\/magic-night-sky-fond-decran.html#breadcrumb","itemListElement":[{"@type":"ListItem","position":1,"name":"Accueil","item":"https:\/\/crecre.christelle-daures.com\/blog"},{"@type":"ListItem","position":2,"name":"Magic Night Sky &#8211; Fond d&rsquo;\u00e9cran"}]},{"@type":"Person","@id":"https:\/\/crecre.christelle-daures.com\/blog\/#\/schema\/person\/7fed972ff890c5e040b33a7809077a56","name":"Christelle","image":{"@type":"ImageObject","@id":"https:\/\/crecre.christelle-daures.com\/blog\/#personlogo","inLanguage":"fr-FR","url":"https:\/\/secure.gravatar.com\/avatar\/aed762e140f734e7f8b6b4d4798407d2?s=96&d=mm&r=g","contentUrl":"https:\/\/secure.gravatar.com\/avatar\/aed762e140f734e7f8b6b4d4798407d2?s=96&d=mm&r=g","caption":"Christelle"},"description":"Christelle Daures, illustratrice et graphiste de 24 ans. J'aime dessiner et m'inspirer de la mode. Originaire de Lyon, apr\u00e8s \u00eatre pass\u00e9e par Rennes, j'ai adopt\u00e9 Nantes.","sameAs":["http:\/\/christelle-daures.com\/","https:\/\/www.facebook.com\/Crecre-187896058009385\/","https:\/\/instagram.com\/crecre17\/","https:\/\/www.pinterest.com\/crecre01\/"],"url":"https:\/\/crecre.christelle-daures.com\/blog\/author\/christelle"}]}},"_links":{"self":[{"href":"https:\/\/crecre.christelle-daures.com\/blog\/wp-json\/wp\/v2\/posts\/1143"}],"collection":[{"href":"https:\/\/crecre.christelle-daures.com\/blog\/wp-json\/wp\/v2\/posts"}],"about":[{"href":"https:\/\/crecre.christelle-daures.com\/blog\/wp-json\/wp\/v2\/types\/post"}],"author":[{"embeddable":true,"href":"https:\/\/crecre.christelle-daures.com\/blog\/wp-json\/wp\/v2\/users\/1"}],"replies":[{"embeddable":true,"href":"https:\/\/crecre.christelle-daures.com\/blog\/wp-json\/wp\/v2\/comments?post=1143"}],"version-history":[{"count":10,"href":"https:\/\/crecre.christelle-daures.com\/blog\/wp-json\/wp\/v2\/posts\/1143\/revisions"}],"predecessor-version":[{"id":1382,"href":"https:\/\/crecre.christelle-daures.com\/blog\/wp-json\/wp\/v2\/posts\/1143\/revisions\/1382"}],"wp:featuredmedia":[{"embeddable":true,"href":"https:\/\/crecre.christelle-daures.com\/blog\/wp-json\/wp\/v2\/media\/1145"}],"wp:attachment":[{"href":"https:\/\/crecre.christelle-daures.com\/blog\/wp-json\/wp\/v2\/media?parent=1143"}],"wp:term":[{"taxonomy":"category","embeddable":true,"href":"https:\/\/crecre.christelle-daures.com\/blog\/wp-json\/wp\/v2\/categories?post=1143"},{"taxonomy":"post_tag","embeddable":true,"href":"https:\/\/crecre.christelle-daures.com\/blog\/wp-json\/wp\/v2\/tags?post=1143"}],"curies":[{"name":"wp","href":"https:\/\/api.w.org\/{rel}","templated":true}]}}