{"id":1302,"date":"2017-03-08T20:00:48","date_gmt":"2017-03-08T19:00:48","guid":{"rendered":"http:\/\/crecre.christelle-daures.com\/blog\/?p=1302"},"modified":"2017-03-28T18:08:36","modified_gmt":"2017-03-28T17:08:36","slug":"journee-international-des-droits-de-la-femme-2017","status":"publish","type":"post","link":"https:\/\/crecre.christelle-daures.com\/blog\/2017\/03\/journee-international-des-droits-de-la-femme-2017.html","title":{"rendered":"Journ\u00e9e internationale des droits de la femme 2017"},"content":{"rendered":"<p><span style=\"color: #000000;\">Je vous pr\u00e9sente <strong>mes illustrations sur la diversit\u00e9 des femmes<\/strong> que j&rsquo;ai faites \u00e0 l&rsquo;occasion de <strong>la journ\u00e9e internationale des droits de la femme<\/strong>\u00a0&#x1f469; &#x1f469;&#x1f3fb; &#x1f469;&#x1f3fc; &#x1f469;&#x1f3fd; &#x1f469;&#x1f3fe; &#x1f469;&#x1f3ff; !<\/span><\/p>\n<p><span style=\"color: #000000;\">Ces illustrations seront expos\u00e9es\u00a0ce soir\u00a0gr\u00e2ce \u00e0 l&rsquo;association Nantaise trop g\u00e9niale\u00a0<strong><a class=\"notranslate\" style=\"color: #000000;\" href=\"http:\/\/feministesplurielles.fr\/\">f\u00e9ministes plurielles<\/a><\/strong>\u00a0(dont certaines des membres\u00a0sont des copines &lt;3)\u00a0! Je suis particuli\u00e8rement fi\u00e8re d&rsquo;avoir fait ce projet avec elles ! Il y a encore du chemin \u00e0 parcourir afin d&rsquo;atteindre l&rsquo;\u00e9galit\u00e9 entre les hommes et les femmes, je vous invite \u00e0 lire un de leur article : \u00ab\u00a0<a style=\"color: #000000;\" href=\"http:\/\/feministesplurielles.fr\/2017\/03\/08\/2017-droits-a-acquerir\/\">2017, quel droits restent-t-ils \u00e0 acqu\u00e9rir ?<\/a>\u00ab\u00a0<\/span><\/p>\n<p><span style=\"color: #000000;\">Moi-m\u00eame, j&rsquo;ai souvent dessin\u00e9 des jolies filles \u00ab\u00a0parfaites\u00a0\u00bb qui ob\u00e9issent \u00e0\u00a0des\u00a0standards de beaut\u00e9\u00a0mais\u00a0pour ces dessins j&rsquo;avais envie de changer, de diversifier mes portraits et montrer des filles que l&rsquo;on peut croiser tous les jours dans la rue. Pour mes prochains dessins je vais continuer dans cette voie et\u00a0me faire plaisir \u00e0 dessiner &lt;3 !<\/span><\/p>\n<p><a href=\"http:\/\/crecre.christelle-daures.com\/blog\/wp-content\/uploads\/2017\/03\/illustration-curvy-girl.jpg\"><img loading=\"lazy\" class=\"size-full wp-image-1307 aligncenter\" src=\"http:\/\/crecre.christelle-daures.com\/blog\/wp-content\/uploads\/2017\/03\/illustration-curvy-girl.jpg\" alt=\"illustration-curvy-girl\" width=\"800\" height=\"1132\" srcset=\"https:\/\/crecre.christelle-daures.com\/blog\/wp-content\/uploads\/2017\/03\/illustration-curvy-girl.jpg 800w, https:\/\/crecre.christelle-daures.com\/blog\/wp-content\/uploads\/2017\/03\/illustration-curvy-girl-212x300.jpg 212w, https:\/\/crecre.christelle-daures.com\/blog\/wp-content\/uploads\/2017\/03\/illustration-curvy-girl-768x1087.jpg 768w, https:\/\/crecre.christelle-daures.com\/blog\/wp-content\/uploads\/2017\/03\/illustration-curvy-girl-724x1024.jpg 724w\" sizes=\"(max-width: 800px) 100vw, 800px\" \/><\/a><\/p>\n<p><img loading=\"lazy\" class=\"size-full wp-image-1310 aligncenter\" src=\"http:\/\/crecre.christelle-daures.com\/blog\/wp-content\/uploads\/2017\/03\/illustration-red-hair.jpg\" alt=\"illustration-red-hair\" width=\"800\" height=\"1132\" srcset=\"https:\/\/crecre.christelle-daures.com\/blog\/wp-content\/uploads\/2017\/03\/illustration-red-hair.jpg 800w, https:\/\/crecre.christelle-daures.com\/blog\/wp-content\/uploads\/2017\/03\/illustration-red-hair-212x300.jpg 212w, https:\/\/crecre.christelle-daures.com\/blog\/wp-content\/uploads\/2017\/03\/illustration-red-hair-768x1087.jpg 768w, https:\/\/crecre.christelle-daures.com\/blog\/wp-content\/uploads\/2017\/03\/illustration-red-hair-724x1024.jpg 724w\" sizes=\"(max-width: 800px) 100vw, 800px\" \/><\/p>\n<p><a href=\"http:\/\/crecre.christelle-daures.com\/blog\/wp-content\/uploads\/2017\/03\/illustration-fille-voilee.jpg\"><img loading=\"lazy\" class=\"size-full wp-image-1308 aligncenter\" src=\"http:\/\/crecre.christelle-daures.com\/blog\/wp-content\/uploads\/2017\/03\/illustration-fille-voilee.jpg\" alt=\"illustration-fille-voilee\" width=\"800\" height=\"1132\" srcset=\"https:\/\/crecre.christelle-daures.com\/blog\/wp-content\/uploads\/2017\/03\/illustration-fille-voilee.jpg 800w, https:\/\/crecre.christelle-daures.com\/blog\/wp-content\/uploads\/2017\/03\/illustration-fille-voilee-212x300.jpg 212w, https:\/\/crecre.christelle-daures.com\/blog\/wp-content\/uploads\/2017\/03\/illustration-fille-voilee-768x1087.jpg 768w, https:\/\/crecre.christelle-daures.com\/blog\/wp-content\/uploads\/2017\/03\/illustration-fille-voilee-724x1024.jpg 724w\" sizes=\"(max-width: 800px) 100vw, 800px\" \/><\/a><\/p>\n<p><a href=\"http:\/\/crecre.christelle-daures.com\/blog\/wp-content\/uploads\/2017\/03\/illustration-metisse-girl.jpg\"><img loading=\"lazy\" class=\"size-full wp-image-1309 aligncenter\" src=\"http:\/\/crecre.christelle-daures.com\/blog\/wp-content\/uploads\/2017\/03\/illustration-metisse-girl.jpg\" alt=\"illustration-metisse-girl\" width=\"800\" height=\"1132\" srcset=\"https:\/\/crecre.christelle-daures.com\/blog\/wp-content\/uploads\/2017\/03\/illustration-metisse-girl.jpg 800w, https:\/\/crecre.christelle-daures.com\/blog\/wp-content\/uploads\/2017\/03\/illustration-metisse-girl-212x300.jpg 212w, https:\/\/crecre.christelle-daures.com\/blog\/wp-content\/uploads\/2017\/03\/illustration-metisse-girl-768x1087.jpg 768w, https:\/\/crecre.christelle-daures.com\/blog\/wp-content\/uploads\/2017\/03\/illustration-metisse-girl-724x1024.jpg 724w\" sizes=\"(max-width: 800px) 100vw, 800px\" \/><\/a><\/p>\n<p style=\"text-align: center;\">A bient\u00f4t\u00a0&#x1f618;<\/p>\n","protected":false},"excerpt":{"rendered":"<p>Je vous pr\u00e9sente mes illustrations sur la diversit\u00e9 des femmes que j&rsquo;ai faites \u00e0 l&rsquo;occasion de la journ\u00e9e internationale des droits de la femme\u00a0&#x1f469; &#x1f469;&#x1f3fb; &#x1f469;&#x1f3fc; &#x1f469;&#x1f3fd; &#x1f469;&#x1f3fe; &#x1f469;&#x1f3ff; ! Ces illustrations seront expos\u00e9es\u00a0ce soir\u00a0gr\u00e2ce \u00e0 l&rsquo;association Nantaise trop g\u00e9niale\u00a0f\u00e9ministes plurielles\u00a0(dont certaines des membres\u00a0sont des&#8230;<\/p>\n","protected":false},"author":1,"featured_media":1466,"comment_status":"open","ping_status":"open","sticky":false,"template":"","format":"standard","meta":[],"categories":[3],"tags":[],"yoast_head":"<!-- This site is optimized with the Yoast SEO plugin v18.4.1 - https:\/\/yoast.com\/wordpress\/plugins\/seo\/ -->\n<title>Journ\u00e9e internationale des droits de la femme 2017 - Crecre<\/title>\n<meta name=\"robots\" content=\"index, follow, max-snippet:-1, max-image-preview:large, max-video-preview:-1\" \/>\n<link rel=\"canonical\" href=\"https:\/\/crecre.christelle-daures.com\/blog\/2017\/03\/journee-international-des-droits-de-la-femme-2017.html\" \/>\n<meta property=\"og:locale\" content=\"fr_FR\" \/>\n<meta property=\"og:type\" content=\"article\" \/>\n<meta property=\"og:title\" content=\"Journ\u00e9e internationale des droits de la femme 2017 - Crecre\" \/>\n<meta property=\"og:description\" content=\"Je vous pr\u00e9sente mes illustrations sur la diversit\u00e9 des femmes que j&rsquo;ai faites \u00e0 l&rsquo;occasion de la journ\u00e9e internationale des droits de la femme\u00a0&#x1f469; &#x1f469;&#x1f3fb; &#x1f469;&#x1f3fc; &#x1f469;&#x1f3fd; &#x1f469;&#x1f3fe; &#x1f469;&#x1f3ff; ! Ces illustrations seront expos\u00e9es\u00a0ce soir\u00a0gr\u00e2ce \u00e0 l&rsquo;association Nantaise trop g\u00e9niale\u00a0f\u00e9ministes plurielles\u00a0(dont certaines des membres\u00a0sont des...\" \/>\n<meta property=\"og:url\" content=\"https:\/\/crecre.christelle-daures.com\/blog\/2017\/03\/journee-international-des-droits-de-la-femme-2017.html\" \/>\n<meta property=\"og:site_name\" content=\"Crecre\" \/>\n<meta property=\"article:author\" content=\"https:\/\/www.facebook.com\/Crecre-187896058009385\/\" \/>\n<meta property=\"article:published_time\" content=\"2017-03-08T19:00:48+00:00\" \/>\n<meta property=\"article:modified_time\" content=\"2017-03-28T17:08:36+00:00\" \/>\n<meta property=\"og:image\" content=\"https:\/\/crecre.christelle-daures.com\/blog\/wp-content\/uploads\/2017\/03\/journee-des-droits-de-la-femme-woman-rights-8-mars-fille-belles-1.jpg\" \/>\n\t<meta property=\"og:image:width\" content=\"1000\" \/>\n\t<meta property=\"og:image:height\" content=\"769\" \/>\n\t<meta property=\"og:image:type\" content=\"image\/jpeg\" \/>\n<meta name=\"twitter:card\" content=\"summary_large_image\" \/>\n<meta name=\"twitter:label1\" content=\"\u00c9crit par\" \/>\n\t<meta name=\"twitter:data1\" content=\"Christelle\" \/>\n\t<meta name=\"twitter:label2\" content=\"Dur\u00e9e de lecture estim\u00e9e\" \/>\n\t<meta name=\"twitter:data2\" content=\"1 minute\" \/>\n<script type=\"application\/ld+json\" class=\"yoast-schema-graph\">{\"@context\":\"https:\/\/schema.org\",\"@graph\":[{\"@type\":\"WebSite\",\"@id\":\"https:\/\/crecre.christelle-daures.com\/blog\/#website\",\"url\":\"https:\/\/crecre.christelle-daures.com\/blog\/\",\"name\":\"Crecre\",\"description\":\"illustrations\",\"potentialAction\":[{\"@type\":\"SearchAction\",\"target\":{\"@type\":\"EntryPoint\",\"urlTemplate\":\"https:\/\/crecre.christelle-daures.com\/blog\/?s={search_term_string}\"},\"query-input\":\"required name=search_term_string\"}],\"inLanguage\":\"fr-FR\"},{\"@type\":\"ImageObject\",\"@id\":\"https:\/\/crecre.christelle-daures.com\/blog\/2017\/03\/journee-international-des-droits-de-la-femme-2017.html#primaryimage\",\"inLanguage\":\"fr-FR\",\"url\":\"https:\/\/crecre.christelle-daures.com\/blog\/wp-content\/uploads\/2017\/03\/journee-des-droits-de-la-femme-woman-rights-8-mars-fille-belles-1.jpg\",\"contentUrl\":\"https:\/\/crecre.christelle-daures.com\/blog\/wp-content\/uploads\/2017\/03\/journee-des-droits-de-la-femme-woman-rights-8-mars-fille-belles-1.jpg\",\"width\":1000,\"height\":769},{\"@type\":\"WebPage\",\"@id\":\"https:\/\/crecre.christelle-daures.com\/blog\/2017\/03\/journee-international-des-droits-de-la-femme-2017.html#webpage\",\"url\":\"https:\/\/crecre.christelle-daures.com\/blog\/2017\/03\/journee-international-des-droits-de-la-femme-2017.html\",\"name\":\"Journ\u00e9e internationale des droits de la femme 2017 - Crecre\",\"isPartOf\":{\"@id\":\"https:\/\/crecre.christelle-daures.com\/blog\/#website\"},\"primaryImageOfPage\":{\"@id\":\"https:\/\/crecre.christelle-daures.com\/blog\/2017\/03\/journee-international-des-droits-de-la-femme-2017.html#primaryimage\"},\"datePublished\":\"2017-03-08T19:00:48+00:00\",\"dateModified\":\"2017-03-28T17:08:36+00:00\",\"author\":{\"@id\":\"https:\/\/crecre.christelle-daures.com\/blog\/#\/schema\/person\/7fed972ff890c5e040b33a7809077a56\"},\"breadcrumb\":{\"@id\":\"https:\/\/crecre.christelle-daures.com\/blog\/2017\/03\/journee-international-des-droits-de-la-femme-2017.html#breadcrumb\"},\"inLanguage\":\"fr-FR\",\"potentialAction\":[{\"@type\":\"ReadAction\",\"target\":[\"https:\/\/crecre.christelle-daures.com\/blog\/2017\/03\/journee-international-des-droits-de-la-femme-2017.html\"]}]},{\"@type\":\"BreadcrumbList\",\"@id\":\"https:\/\/crecre.christelle-daures.com\/blog\/2017\/03\/journee-international-des-droits-de-la-femme-2017.html#breadcrumb\",\"itemListElement\":[{\"@type\":\"ListItem\",\"position\":1,\"name\":\"Accueil\",\"item\":\"https:\/\/crecre.christelle-daures.com\/blog\"},{\"@type\":\"ListItem\",\"position\":2,\"name\":\"Journ\u00e9e internationale des droits de la femme 2017\"}]},{\"@type\":\"Person\",\"@id\":\"https:\/\/crecre.christelle-daures.com\/blog\/#\/schema\/person\/7fed972ff890c5e040b33a7809077a56\",\"name\":\"Christelle\",\"image\":{\"@type\":\"ImageObject\",\"@id\":\"https:\/\/crecre.christelle-daures.com\/blog\/#personlogo\",\"inLanguage\":\"fr-FR\",\"url\":\"https:\/\/secure.gravatar.com\/avatar\/aed762e140f734e7f8b6b4d4798407d2?s=96&d=mm&r=g\",\"contentUrl\":\"https:\/\/secure.gravatar.com\/avatar\/aed762e140f734e7f8b6b4d4798407d2?s=96&d=mm&r=g\",\"caption\":\"Christelle\"},\"description\":\"Christelle Daures, illustratrice et graphiste de 24 ans. J'aime dessiner et m'inspirer de la mode. Originaire de Lyon, apr\u00e8s \u00eatre pass\u00e9e par Rennes, j'ai adopt\u00e9 Nantes.\",\"sameAs\":[\"http:\/\/christelle-daures.com\/\",\"https:\/\/www.facebook.com\/Crecre-187896058009385\/\",\"https:\/\/instagram.com\/crecre17\/\",\"https:\/\/www.pinterest.com\/crecre01\/\"],\"url\":\"https:\/\/crecre.christelle-daures.com\/blog\/author\/christelle\"}]}<\/script>\n<!-- \/ Yoast SEO plugin. -->","yoast_head_json":{"title":"Journ\u00e9e internationale des droits de la femme 2017 - Crecre","robots":{"index":"index","follow":"follow","max-snippet":"max-snippet:-1","max-image-preview":"max-image-preview:large","max-video-preview":"max-video-preview:-1"},"canonical":"https:\/\/crecre.christelle-daures.com\/blog\/2017\/03\/journee-international-des-droits-de-la-femme-2017.html","og_locale":"fr_FR","og_type":"article","og_title":"Journ\u00e9e internationale des droits de la femme 2017 - Crecre","og_description":"Je vous pr\u00e9sente mes illustrations sur la diversit\u00e9 des femmes que j&rsquo;ai faites \u00e0 l&rsquo;occasion de la journ\u00e9e internationale des droits de la femme\u00a0&#x1f469; &#x1f469;&#x1f3fb; &#x1f469;&#x1f3fc; &#x1f469;&#x1f3fd; &#x1f469;&#x1f3fe; &#x1f469;&#x1f3ff; ! Ces illustrations seront expos\u00e9es\u00a0ce soir\u00a0gr\u00e2ce \u00e0 l&rsquo;association Nantaise trop g\u00e9niale\u00a0f\u00e9ministes plurielles\u00a0(dont certaines des membres\u00a0sont des...","og_url":"https:\/\/crecre.christelle-daures.com\/blog\/2017\/03\/journee-international-des-droits-de-la-femme-2017.html","og_site_name":"Crecre","article_author":"https:\/\/www.facebook.com\/Crecre-187896058009385\/","article_published_time":"2017-03-08T19:00:48+00:00","article_modified_time":"2017-03-28T17:08:36+00:00","og_image":[{"width":1000,"height":769,"url":"https:\/\/crecre.christelle-daures.com\/blog\/wp-content\/uploads\/2017\/03\/journee-des-droits-de-la-femme-woman-rights-8-mars-fille-belles-1.jpg","type":"image\/jpeg"}],"twitter_card":"summary_large_image","twitter_misc":{"\u00c9crit par":"Christelle","Dur\u00e9e de lecture estim\u00e9e":"1 minute"},"schema":{"@context":"https:\/\/schema.org","@graph":[{"@type":"WebSite","@id":"https:\/\/crecre.christelle-daures.com\/blog\/#website","url":"https:\/\/crecre.christelle-daures.com\/blog\/","name":"Crecre","description":"illustrations","potentialAction":[{"@type":"SearchAction","target":{"@type":"EntryPoint","urlTemplate":"https:\/\/crecre.christelle-daures.com\/blog\/?s={search_term_string}"},"query-input":"required name=search_term_string"}],"inLanguage":"fr-FR"},{"@type":"ImageObject","@id":"https:\/\/crecre.christelle-daures.com\/blog\/2017\/03\/journee-international-des-droits-de-la-femme-2017.html#primaryimage","inLanguage":"fr-FR","url":"https:\/\/crecre.christelle-daures.com\/blog\/wp-content\/uploads\/2017\/03\/journee-des-droits-de-la-femme-woman-rights-8-mars-fille-belles-1.jpg","contentUrl":"https:\/\/crecre.christelle-daures.com\/blog\/wp-content\/uploads\/2017\/03\/journee-des-droits-de-la-femme-woman-rights-8-mars-fille-belles-1.jpg","width":1000,"height":769},{"@type":"WebPage","@id":"https:\/\/crecre.christelle-daures.com\/blog\/2017\/03\/journee-international-des-droits-de-la-femme-2017.html#webpage","url":"https:\/\/crecre.christelle-daures.com\/blog\/2017\/03\/journee-international-des-droits-de-la-femme-2017.html","name":"Journ\u00e9e internationale des droits de la femme 2017 - Crecre","isPartOf":{"@id":"https:\/\/crecre.christelle-daures.com\/blog\/#website"},"primaryImageOfPage":{"@id":"https:\/\/crecre.christelle-daures.com\/blog\/2017\/03\/journee-international-des-droits-de-la-femme-2017.html#primaryimage"},"datePublished":"2017-03-08T19:00:48+00:00","dateModified":"2017-03-28T17:08:36+00:00","author":{"@id":"https:\/\/crecre.christelle-daures.com\/blog\/#\/schema\/person\/7fed972ff890c5e040b33a7809077a56"},"breadcrumb":{"@id":"https:\/\/crecre.christelle-daures.com\/blog\/2017\/03\/journee-international-des-droits-de-la-femme-2017.html#breadcrumb"},"inLanguage":"fr-FR","potentialAction":[{"@type":"ReadAction","target":["https:\/\/crecre.christelle-daures.com\/blog\/2017\/03\/journee-international-des-droits-de-la-femme-2017.html"]}]},{"@type":"BreadcrumbList","@id":"https:\/\/crecre.christelle-daures.com\/blog\/2017\/03\/journee-international-des-droits-de-la-femme-2017.html#breadcrumb","itemListElement":[{"@type":"ListItem","position":1,"name":"Accueil","item":"https:\/\/crecre.christelle-daures.com\/blog"},{"@type":"ListItem","position":2,"name":"Journ\u00e9e internationale des droits de la femme 2017"}]},{"@type":"Person","@id":"https:\/\/crecre.christelle-daures.com\/blog\/#\/schema\/person\/7fed972ff890c5e040b33a7809077a56","name":"Christelle","image":{"@type":"ImageObject","@id":"https:\/\/crecre.christelle-daures.com\/blog\/#personlogo","inLanguage":"fr-FR","url":"https:\/\/secure.gravatar.com\/avatar\/aed762e140f734e7f8b6b4d4798407d2?s=96&d=mm&r=g","contentUrl":"https:\/\/secure.gravatar.com\/avatar\/aed762e140f734e7f8b6b4d4798407d2?s=96&d=mm&r=g","caption":"Christelle"},"description":"Christelle Daures, illustratrice et graphiste de 24 ans. J'aime dessiner et m'inspirer de la mode. Originaire de Lyon, apr\u00e8s \u00eatre pass\u00e9e par Rennes, j'ai adopt\u00e9 Nantes.","sameAs":["http:\/\/christelle-daures.com\/","https:\/\/www.facebook.com\/Crecre-187896058009385\/","https:\/\/instagram.com\/crecre17\/","https:\/\/www.pinterest.com\/crecre01\/"],"url":"https:\/\/crecre.christelle-daures.com\/blog\/author\/christelle"}]}},"_links":{"self":[{"href":"https:\/\/crecre.christelle-daures.com\/blog\/wp-json\/wp\/v2\/posts\/1302"}],"collection":[{"href":"https:\/\/crecre.christelle-daures.com\/blog\/wp-json\/wp\/v2\/posts"}],"about":[{"href":"https:\/\/crecre.christelle-daures.com\/blog\/wp-json\/wp\/v2\/types\/post"}],"author":[{"embeddable":true,"href":"https:\/\/crecre.christelle-daures.com\/blog\/wp-json\/wp\/v2\/users\/1"}],"replies":[{"embeddable":true,"href":"https:\/\/crecre.christelle-daures.com\/blog\/wp-json\/wp\/v2\/comments?post=1302"}],"version-history":[{"count":7,"href":"https:\/\/crecre.christelle-daures.com\/blog\/wp-json\/wp\/v2\/posts\/1302\/revisions"}],"predecessor-version":[{"id":1316,"href":"https:\/\/crecre.christelle-daures.com\/blog\/wp-json\/wp\/v2\/posts\/1302\/revisions\/1316"}],"wp:featuredmedia":[{"embeddable":true,"href":"https:\/\/crecre.christelle-daures.com\/blog\/wp-json\/wp\/v2\/media\/1466"}],"wp:attachment":[{"href":"https:\/\/crecre.christelle-daures.com\/blog\/wp-json\/wp\/v2\/media?parent=1302"}],"wp:term":[{"taxonomy":"category","embeddable":true,"href":"https:\/\/crecre.christelle-daures.com\/blog\/wp-json\/wp\/v2\/categories?post=1302"},{"taxonomy":"post_tag","embeddable":true,"href":"https:\/\/crecre.christelle-daures.com\/blog\/wp-json\/wp\/v2\/tags?post=1302"}],"curies":[{"name":"wp","href":"https:\/\/api.w.org\/{rel}","templated":true}]}}