{"id":2034,"date":"2020-10-07T18:23:04","date_gmt":"2020-10-07T17:23:04","guid":{"rendered":"https:\/\/crecre.christelle-daures.com\/blog\/?p=2034"},"modified":"2021-02-27T22:30:20","modified_gmt":"2021-02-27T21:30:20","slug":"inktober-spacebuns","status":"publish","type":"post","link":"https:\/\/crecre.christelle-daures.com\/blog\/2020\/10\/inktober-spacebuns.html","title":{"rendered":"Inktober &#8211; Spacebuns"},"content":{"rendered":"\n<figure class=\"wp-block-image size-large\"><img loading=\"lazy\" width=\"1019\" height=\"1024\" src=\"https:\/\/crecre.christelle-daures.com\/blog\/wp-content\/uploads\/2021\/02\/inktober-freackles-illustration-crecre-fille-belle-dessin-hair-fashion-mask-hair-space-buns-1019x1024.png\" alt=\"\" class=\"wp-image-2036\" srcset=\"https:\/\/crecre.christelle-daures.com\/blog\/wp-content\/uploads\/2021\/02\/inktober-freackles-illustration-crecre-fille-belle-dessin-hair-fashion-mask-hair-space-buns-1019x1024.png 1019w, https:\/\/crecre.christelle-daures.com\/blog\/wp-content\/uploads\/2021\/02\/inktober-freackles-illustration-crecre-fille-belle-dessin-hair-fashion-mask-hair-space-buns-300x300.png 300w, https:\/\/crecre.christelle-daures.com\/blog\/wp-content\/uploads\/2021\/02\/inktober-freackles-illustration-crecre-fille-belle-dessin-hair-fashion-mask-hair-space-buns-150x150.png 150w, https:\/\/crecre.christelle-daures.com\/blog\/wp-content\/uploads\/2021\/02\/inktober-freackles-illustration-crecre-fille-belle-dessin-hair-fashion-mask-hair-space-buns-768x771.png 768w, https:\/\/crecre.christelle-daures.com\/blog\/wp-content\/uploads\/2021\/02\/inktober-freackles-illustration-crecre-fille-belle-dessin-hair-fashion-mask-hair-space-buns-1529x1536.png 1529w, https:\/\/crecre.christelle-daures.com\/blog\/wp-content\/uploads\/2021\/02\/inktober-freackles-illustration-crecre-fille-belle-dessin-hair-fashion-mask-hair-space-buns.png 1800w\" sizes=\"(max-width: 1019px) 100vw, 1019px\" \/><\/figure>\n\n\n\n<p>Aujourd\u2019hui c\u2019est\u00a0<a href=\"https:\/\/www.instagram.com\/explore\/tags\/facetober\/\">#facetober<\/a>\u00a0de\u00a0<a href=\"https:\/\/www.instagram.com\/charlyclements\/\">@charlyclements<\/a>\u00a0avec le th\u00e8me\u00a0<a href=\"https:\/\/www.instagram.com\/explore\/tags\/knitted\/\">#knitted<\/a><a href=\"https:\/\/www.instagram.com\/explore\/tags\/jumper\/\">#jumper<\/a><a href=\"https:\/\/www.instagram.com\/explore\/tags\/spacebuns\/\">#spacebuns<\/a><a href=\"https:\/\/www.instagram.com\/explore\/tags\/mask\/\">#mask<\/a>\u00a0!<\/p>\n\n\n\n<p>C\u2019est la premi\u00e8re fois que je fais un portrait portant un masque, et autant en faire un tout mignon que j\u2019aimerais avoir haha<\/p>\n","protected":false},"excerpt":{"rendered":"<p>Aujourd\u2019hui c\u2019est\u00a0#facetober\u00a0de\u00a0@charlyclements\u00a0avec le th\u00e8me\u00a0#knitted#jumper#spacebuns#mask\u00a0! C\u2019est la premi\u00e8re fois que je fais un portrait portant un masque, et autant en faire un tout mignon que j\u2019aimerais avoir haha<\/p>\n","protected":false},"author":1,"featured_media":2035,"comment_status":"open","ping_status":"open","sticky":false,"template":"","format":"standard","meta":[],"categories":[3],"tags":[],"yoast_head":"<!-- This site is optimized with the Yoast SEO plugin v18.4.1 - https:\/\/yoast.com\/wordpress\/plugins\/seo\/ -->\n<title>Inktober - Spacebuns - Crecre<\/title>\n<meta name=\"robots\" content=\"index, follow, max-snippet:-1, max-image-preview:large, max-video-preview:-1\" \/>\n<link rel=\"canonical\" href=\"https:\/\/crecre.christelle-daures.com\/blog\/2020\/10\/inktober-spacebuns.html\" \/>\n<meta property=\"og:locale\" content=\"fr_FR\" \/>\n<meta property=\"og:type\" content=\"article\" \/>\n<meta property=\"og:title\" content=\"Inktober - Spacebuns - Crecre\" \/>\n<meta property=\"og:description\" content=\"Aujourd\u2019hui c\u2019est\u00a0#facetober\u00a0de\u00a0@charlyclements\u00a0avec le th\u00e8me\u00a0#knitted#jumper#spacebuns#mask\u00a0! C\u2019est la premi\u00e8re fois que je fais un portrait portant un masque, et autant en faire un tout mignon que j\u2019aimerais avoir haha\" \/>\n<meta property=\"og:url\" content=\"https:\/\/crecre.christelle-daures.com\/blog\/2020\/10\/inktober-spacebuns.html\" \/>\n<meta property=\"og:site_name\" content=\"Crecre\" \/>\n<meta property=\"article:author\" content=\"https:\/\/www.facebook.com\/Crecre-187896058009385\/\" \/>\n<meta property=\"article:published_time\" content=\"2020-10-07T17:23:04+00:00\" \/>\n<meta property=\"article:modified_time\" content=\"2021-02-27T21:30:20+00:00\" \/>\n<meta property=\"og:image\" content=\"https:\/\/crecre.christelle-daures.com\/blog\/wp-content\/uploads\/2021\/02\/inktober-freackles-illustration-crecre-fille-belle-dessin-hair-fashion-mask-hair-space-buns-mini.jpg\" \/>\n\t<meta property=\"og:image:width\" content=\"700\" \/>\n\t<meta property=\"og:image:height\" content=\"538\" \/>\n\t<meta property=\"og:image:type\" content=\"image\/jpeg\" \/>\n<meta name=\"twitter:card\" content=\"summary_large_image\" \/>\n<meta name=\"twitter:label1\" content=\"\u00c9crit par\" \/>\n\t<meta name=\"twitter:data1\" content=\"Christelle\" \/>\n<script type=\"application\/ld+json\" class=\"yoast-schema-graph\">{\"@context\":\"https:\/\/schema.org\",\"@graph\":[{\"@type\":\"WebSite\",\"@id\":\"https:\/\/crecre.christelle-daures.com\/blog\/#website\",\"url\":\"https:\/\/crecre.christelle-daures.com\/blog\/\",\"name\":\"Crecre\",\"description\":\"illustrations\",\"potentialAction\":[{\"@type\":\"SearchAction\",\"target\":{\"@type\":\"EntryPoint\",\"urlTemplate\":\"https:\/\/crecre.christelle-daures.com\/blog\/?s={search_term_string}\"},\"query-input\":\"required name=search_term_string\"}],\"inLanguage\":\"fr-FR\"},{\"@type\":\"ImageObject\",\"@id\":\"https:\/\/crecre.christelle-daures.com\/blog\/2020\/10\/inktober-spacebuns.html#primaryimage\",\"inLanguage\":\"fr-FR\",\"url\":\"https:\/\/crecre.christelle-daures.com\/blog\/wp-content\/uploads\/2021\/02\/inktober-freackles-illustration-crecre-fille-belle-dessin-hair-fashion-mask-hair-space-buns-mini.jpg\",\"contentUrl\":\"https:\/\/crecre.christelle-daures.com\/blog\/wp-content\/uploads\/2021\/02\/inktober-freackles-illustration-crecre-fille-belle-dessin-hair-fashion-mask-hair-space-buns-mini.jpg\",\"width\":700,\"height\":538},{\"@type\":\"WebPage\",\"@id\":\"https:\/\/crecre.christelle-daures.com\/blog\/2020\/10\/inktober-spacebuns.html#webpage\",\"url\":\"https:\/\/crecre.christelle-daures.com\/blog\/2020\/10\/inktober-spacebuns.html\",\"name\":\"Inktober - Spacebuns - Crecre\",\"isPartOf\":{\"@id\":\"https:\/\/crecre.christelle-daures.com\/blog\/#website\"},\"primaryImageOfPage\":{\"@id\":\"https:\/\/crecre.christelle-daures.com\/blog\/2020\/10\/inktober-spacebuns.html#primaryimage\"},\"datePublished\":\"2020-10-07T17:23:04+00:00\",\"dateModified\":\"2021-02-27T21:30:20+00:00\",\"author\":{\"@id\":\"https:\/\/crecre.christelle-daures.com\/blog\/#\/schema\/person\/7fed972ff890c5e040b33a7809077a56\"},\"breadcrumb\":{\"@id\":\"https:\/\/crecre.christelle-daures.com\/blog\/2020\/10\/inktober-spacebuns.html#breadcrumb\"},\"inLanguage\":\"fr-FR\",\"potentialAction\":[{\"@type\":\"ReadAction\",\"target\":[\"https:\/\/crecre.christelle-daures.com\/blog\/2020\/10\/inktober-spacebuns.html\"]}]},{\"@type\":\"BreadcrumbList\",\"@id\":\"https:\/\/crecre.christelle-daures.com\/blog\/2020\/10\/inktober-spacebuns.html#breadcrumb\",\"itemListElement\":[{\"@type\":\"ListItem\",\"position\":1,\"name\":\"Accueil\",\"item\":\"https:\/\/crecre.christelle-daures.com\/blog\"},{\"@type\":\"ListItem\",\"position\":2,\"name\":\"Inktober &#8211; Spacebuns\"}]},{\"@type\":\"Person\",\"@id\":\"https:\/\/crecre.christelle-daures.com\/blog\/#\/schema\/person\/7fed972ff890c5e040b33a7809077a56\",\"name\":\"Christelle\",\"image\":{\"@type\":\"ImageObject\",\"@id\":\"https:\/\/crecre.christelle-daures.com\/blog\/#personlogo\",\"inLanguage\":\"fr-FR\",\"url\":\"https:\/\/secure.gravatar.com\/avatar\/aed762e140f734e7f8b6b4d4798407d2?s=96&d=mm&r=g\",\"contentUrl\":\"https:\/\/secure.gravatar.com\/avatar\/aed762e140f734e7f8b6b4d4798407d2?s=96&d=mm&r=g\",\"caption\":\"Christelle\"},\"description\":\"Christelle Daures, illustratrice et graphiste de 24 ans. J'aime dessiner et m'inspirer de la mode. Originaire de Lyon, apr\u00e8s \u00eatre pass\u00e9e par Rennes, j'ai adopt\u00e9 Nantes.\",\"sameAs\":[\"http:\/\/christelle-daures.com\/\",\"https:\/\/www.facebook.com\/Crecre-187896058009385\/\",\"https:\/\/instagram.com\/crecre17\/\",\"https:\/\/www.pinterest.com\/crecre01\/\"],\"url\":\"https:\/\/crecre.christelle-daures.com\/blog\/author\/christelle\"}]}<\/script>\n<!-- \/ Yoast SEO plugin. -->","yoast_head_json":{"title":"Inktober - Spacebuns - Crecre","robots":{"index":"index","follow":"follow","max-snippet":"max-snippet:-1","max-image-preview":"max-image-preview:large","max-video-preview":"max-video-preview:-1"},"canonical":"https:\/\/crecre.christelle-daures.com\/blog\/2020\/10\/inktober-spacebuns.html","og_locale":"fr_FR","og_type":"article","og_title":"Inktober - Spacebuns - Crecre","og_description":"Aujourd\u2019hui c\u2019est\u00a0#facetober\u00a0de\u00a0@charlyclements\u00a0avec le th\u00e8me\u00a0#knitted#jumper#spacebuns#mask\u00a0! C\u2019est la premi\u00e8re fois que je fais un portrait portant un masque, et autant en faire un tout mignon que j\u2019aimerais avoir haha","og_url":"https:\/\/crecre.christelle-daures.com\/blog\/2020\/10\/inktober-spacebuns.html","og_site_name":"Crecre","article_author":"https:\/\/www.facebook.com\/Crecre-187896058009385\/","article_published_time":"2020-10-07T17:23:04+00:00","article_modified_time":"2021-02-27T21:30:20+00:00","og_image":[{"width":700,"height":538,"url":"https:\/\/crecre.christelle-daures.com\/blog\/wp-content\/uploads\/2021\/02\/inktober-freackles-illustration-crecre-fille-belle-dessin-hair-fashion-mask-hair-space-buns-mini.jpg","type":"image\/jpeg"}],"twitter_card":"summary_large_image","twitter_misc":{"\u00c9crit par":"Christelle"},"schema":{"@context":"https:\/\/schema.org","@graph":[{"@type":"WebSite","@id":"https:\/\/crecre.christelle-daures.com\/blog\/#website","url":"https:\/\/crecre.christelle-daures.com\/blog\/","name":"Crecre","description":"illustrations","potentialAction":[{"@type":"SearchAction","target":{"@type":"EntryPoint","urlTemplate":"https:\/\/crecre.christelle-daures.com\/blog\/?s={search_term_string}"},"query-input":"required name=search_term_string"}],"inLanguage":"fr-FR"},{"@type":"ImageObject","@id":"https:\/\/crecre.christelle-daures.com\/blog\/2020\/10\/inktober-spacebuns.html#primaryimage","inLanguage":"fr-FR","url":"https:\/\/crecre.christelle-daures.com\/blog\/wp-content\/uploads\/2021\/02\/inktober-freackles-illustration-crecre-fille-belle-dessin-hair-fashion-mask-hair-space-buns-mini.jpg","contentUrl":"https:\/\/crecre.christelle-daures.com\/blog\/wp-content\/uploads\/2021\/02\/inktober-freackles-illustration-crecre-fille-belle-dessin-hair-fashion-mask-hair-space-buns-mini.jpg","width":700,"height":538},{"@type":"WebPage","@id":"https:\/\/crecre.christelle-daures.com\/blog\/2020\/10\/inktober-spacebuns.html#webpage","url":"https:\/\/crecre.christelle-daures.com\/blog\/2020\/10\/inktober-spacebuns.html","name":"Inktober - Spacebuns - Crecre","isPartOf":{"@id":"https:\/\/crecre.christelle-daures.com\/blog\/#website"},"primaryImageOfPage":{"@id":"https:\/\/crecre.christelle-daures.com\/blog\/2020\/10\/inktober-spacebuns.html#primaryimage"},"datePublished":"2020-10-07T17:23:04+00:00","dateModified":"2021-02-27T21:30:20+00:00","author":{"@id":"https:\/\/crecre.christelle-daures.com\/blog\/#\/schema\/person\/7fed972ff890c5e040b33a7809077a56"},"breadcrumb":{"@id":"https:\/\/crecre.christelle-daures.com\/blog\/2020\/10\/inktober-spacebuns.html#breadcrumb"},"inLanguage":"fr-FR","potentialAction":[{"@type":"ReadAction","target":["https:\/\/crecre.christelle-daures.com\/blog\/2020\/10\/inktober-spacebuns.html"]}]},{"@type":"BreadcrumbList","@id":"https:\/\/crecre.christelle-daures.com\/blog\/2020\/10\/inktober-spacebuns.html#breadcrumb","itemListElement":[{"@type":"ListItem","position":1,"name":"Accueil","item":"https:\/\/crecre.christelle-daures.com\/blog"},{"@type":"ListItem","position":2,"name":"Inktober &#8211; Spacebuns"}]},{"@type":"Person","@id":"https:\/\/crecre.christelle-daures.com\/blog\/#\/schema\/person\/7fed972ff890c5e040b33a7809077a56","name":"Christelle","image":{"@type":"ImageObject","@id":"https:\/\/crecre.christelle-daures.com\/blog\/#personlogo","inLanguage":"fr-FR","url":"https:\/\/secure.gravatar.com\/avatar\/aed762e140f734e7f8b6b4d4798407d2?s=96&d=mm&r=g","contentUrl":"https:\/\/secure.gravatar.com\/avatar\/aed762e140f734e7f8b6b4d4798407d2?s=96&d=mm&r=g","caption":"Christelle"},"description":"Christelle Daures, illustratrice et graphiste de 24 ans. J'aime dessiner et m'inspirer de la mode. Originaire de Lyon, apr\u00e8s \u00eatre pass\u00e9e par Rennes, j'ai adopt\u00e9 Nantes.","sameAs":["http:\/\/christelle-daures.com\/","https:\/\/www.facebook.com\/Crecre-187896058009385\/","https:\/\/instagram.com\/crecre17\/","https:\/\/www.pinterest.com\/crecre01\/"],"url":"https:\/\/crecre.christelle-daures.com\/blog\/author\/christelle"}]}},"_links":{"self":[{"href":"https:\/\/crecre.christelle-daures.com\/blog\/wp-json\/wp\/v2\/posts\/2034"}],"collection":[{"href":"https:\/\/crecre.christelle-daures.com\/blog\/wp-json\/wp\/v2\/posts"}],"about":[{"href":"https:\/\/crecre.christelle-daures.com\/blog\/wp-json\/wp\/v2\/types\/post"}],"author":[{"embeddable":true,"href":"https:\/\/crecre.christelle-daures.com\/blog\/wp-json\/wp\/v2\/users\/1"}],"replies":[{"embeddable":true,"href":"https:\/\/crecre.christelle-daures.com\/blog\/wp-json\/wp\/v2\/comments?post=2034"}],"version-history":[{"count":1,"href":"https:\/\/crecre.christelle-daures.com\/blog\/wp-json\/wp\/v2\/posts\/2034\/revisions"}],"predecessor-version":[{"id":2037,"href":"https:\/\/crecre.christelle-daures.com\/blog\/wp-json\/wp\/v2\/posts\/2034\/revisions\/2037"}],"wp:featuredmedia":[{"embeddable":true,"href":"https:\/\/crecre.christelle-daures.com\/blog\/wp-json\/wp\/v2\/media\/2035"}],"wp:attachment":[{"href":"https:\/\/crecre.christelle-daures.com\/blog\/wp-json\/wp\/v2\/media?parent=2034"}],"wp:term":[{"taxonomy":"category","embeddable":true,"href":"https:\/\/crecre.christelle-daures.com\/blog\/wp-json\/wp\/v2\/categories?post=2034"},{"taxonomy":"post_tag","embeddable":true,"href":"https:\/\/crecre.christelle-daures.com\/blog\/wp-json\/wp\/v2\/tags?post=2034"}],"curies":[{"name":"wp","href":"https:\/\/api.w.org\/{rel}","templated":true}]}}