{"id":50,"date":"2013-05-30T19:33:00","date_gmt":"2013-05-30T18:33:00","guid":{"rendered":"http:\/\/crecre.christelle-daures.com\/blog\/?p=50"},"modified":"2017-03-28T21:17:31","modified_gmt":"2017-03-28T20:17:31","slug":"summer-dress-un-air-dete","status":"publish","type":"post","link":"https:\/\/crecre.christelle-daures.com\/blog\/2013\/05\/summer-dress-un-air-dete.html","title":{"rendered":"Summer dress &#8211; Un air d&rsquo;\u00e9t\u00e9"},"content":{"rendered":"<div style=\"clear: both; text-align: center;\"><a href=\"http:\/\/crecre.christelle-daures.com\/blog\/wp-content\/uploads\/2013\/05\/fashion-dress-summer-crecre-illustration-fille-belle-robe-mode.jpg\"><img loading=\"lazy\" class=\"alignnone size-full wp-image-572\" src=\"http:\/\/crecre.christelle-daures.com\/blog\/wp-content\/uploads\/2013\/05\/fashion-dress-summer-crecre-illustration-fille-belle-robe-mode.jpg\" alt=\"\" width=\"800\" height=\"1099\" srcset=\"https:\/\/crecre.christelle-daures.com\/blog\/wp-content\/uploads\/2013\/05\/fashion-dress-summer-crecre-illustration-fille-belle-robe-mode.jpg 800w, https:\/\/crecre.christelle-daures.com\/blog\/wp-content\/uploads\/2013\/05\/fashion-dress-summer-crecre-illustration-fille-belle-robe-mode-218x300.jpg 218w, https:\/\/crecre.christelle-daures.com\/blog\/wp-content\/uploads\/2013\/05\/fashion-dress-summer-crecre-illustration-fille-belle-robe-mode-745x1024.jpg 745w\" sizes=\"(max-width: 800px) 100vw, 800px\" \/><\/a><\/div>\n<div style=\"text-align: center;\">\n<div style=\"clear: both; text-align: center;\"><\/div>\n<p><i><span style=\"font-family: Georgia, Times New Roman, serif;\"><b>Nouvelle illustration<\/b> avec un air d&rsquo;\u00e9t\u00e9, \u00e0 d\u00e9faut d&rsquo;avoir du beau temps, je mets des<\/span><\/i><br \/>\n<i><span style=\"font-family: Georgia, Times New Roman, serif;\">\u00a0couleurs et du soleil dans mes illustrations. J&rsquo;ai mis pas mal de temps \u00e0 la r\u00e9aliser, avec<\/span><\/i><br \/>\n<i><span style=\"font-family: Georgia, Times New Roman, serif;\">\u00a0tous les petits d\u00e9tails, et la robe en enti\u00e8re. Et finalement, j&rsquo;aime beaucoup faire la\u00a0<\/span><\/i><br \/>\n<i><span style=\"font-family: Georgia, Times New Roman, serif;\">coloration des v\u00eatements, vous en verrez de plus en plus \u00e0 l&rsquo;avenir (m\u00eame si \u00e7a me prend<\/span><\/i><br \/>\n<i><span style=\"font-family: Georgia, Times New Roman, serif;\">\u00a0beaucoup plus de temps)<\/span><\/i><\/p>\n<\/div>\n<div style=\"text-align: center;\"><i><span style=\"font-family: Georgia, Times New Roman, serif;\">\u00a0<\/span><\/i><\/div>\n<div style=\"text-align: center;\"><i><span style=\"font-family: Georgia, Times New Roman, serif;\">Je voulais aussi vous dire merci, car <b>ma page Facebook \u00e0 atteint les 300 fans<\/b>, je\u00a0<\/span><\/i><br \/>\n<i><span style=\"font-family: Georgia, Times New Roman, serif;\">suis super contente de voir que vous me suiviez et appr\u00e9ciez\u00a0mon travail! Je vous fais \u00e0\u00a0<\/span><\/i><br \/>\n<i><span style=\"font-family: Georgia, Times New Roman, serif;\">tous pleins de bisous :D<\/span><\/i><\/div>\n<div style=\"text-align: center;\"><i><span style=\"font-family: Georgia, Times New Roman, serif;\">\u00a0<\/span><\/i><\/div>\n<div style=\"text-align: center;\"><i><span style=\"font-family: Georgia, Times New Roman, serif;\">En esp\u00e9rant que \u00e7a vous plaise! A\u00a0bient\u00f4t\u00a0;)<\/span><\/i><br \/>\n<i><span style=\"font-family: Georgia, Times New Roman, serif;\"><br \/>\n<\/span><\/i><\/div>\n","protected":false},"excerpt":{"rendered":"<p>Nouvelle illustration avec un air d&rsquo;\u00e9t\u00e9, \u00e0 d\u00e9faut d&rsquo;avoir du beau temps, je mets des \u00a0couleurs et du soleil dans mes illustrations. J&rsquo;ai mis pas mal de temps \u00e0 la r\u00e9aliser, avec \u00a0tous les petits d\u00e9tails, et la robe en enti\u00e8re. Et finalement, j&rsquo;aime beaucoup&#8230;<\/p>\n","protected":false},"author":2,"featured_media":1551,"comment_status":"open","ping_status":"open","sticky":false,"template":"","format":"standard","meta":[],"categories":[3],"tags":[],"yoast_head":"<!-- This site is optimized with the Yoast SEO plugin v18.4.1 - https:\/\/yoast.com\/wordpress\/plugins\/seo\/ -->\n<title>Summer dress - Un air d&#039;\u00e9t\u00e9 - Crecre<\/title>\n<meta name=\"robots\" content=\"index, follow, max-snippet:-1, max-image-preview:large, max-video-preview:-1\" \/>\n<link rel=\"canonical\" href=\"https:\/\/crecre.christelle-daures.com\/blog\/2013\/05\/summer-dress-un-air-dete.html\" \/>\n<meta property=\"og:locale\" content=\"fr_FR\" \/>\n<meta property=\"og:type\" content=\"article\" \/>\n<meta property=\"og:title\" content=\"Summer dress - Un air d&#039;\u00e9t\u00e9 - Crecre\" \/>\n<meta property=\"og:description\" content=\"Nouvelle illustration avec un air d&rsquo;\u00e9t\u00e9, \u00e0 d\u00e9faut d&rsquo;avoir du beau temps, je mets des \u00a0couleurs et du soleil dans mes illustrations. J&rsquo;ai mis pas mal de temps \u00e0 la r\u00e9aliser, avec \u00a0tous les petits d\u00e9tails, et la robe en enti\u00e8re. Et finalement, j&rsquo;aime beaucoup...\" \/>\n<meta property=\"og:url\" content=\"https:\/\/crecre.christelle-daures.com\/blog\/2013\/05\/summer-dress-un-air-dete.html\" \/>\n<meta property=\"og:site_name\" content=\"Crecre\" \/>\n<meta property=\"article:published_time\" content=\"2013-05-30T18:33:00+00:00\" \/>\n<meta property=\"article:modified_time\" content=\"2017-03-28T20:17:31+00:00\" \/>\n<meta property=\"og:image\" content=\"https:\/\/crecre.christelle-daures.com\/blog\/wp-content\/uploads\/2014\/05\/fashion-dress-summer-crecre-illustration-fille-belle-robe-mode-1.jpg\" \/>\n\t<meta property=\"og:image:width\" content=\"1000\" \/>\n\t<meta property=\"og:image:height\" content=\"769\" \/>\n\t<meta property=\"og:image:type\" content=\"image\/jpeg\" \/>\n<meta name=\"twitter:card\" content=\"summary_large_image\" \/>\n<meta name=\"twitter:label1\" content=\"\u00c9crit par\" \/>\n\t<meta name=\"twitter:data1\" content=\"Crecre\" \/>\n\t<meta name=\"twitter:label2\" content=\"Dur\u00e9e de lecture estim\u00e9e\" \/>\n\t<meta name=\"twitter:data2\" content=\"1 minute\" \/>\n<script type=\"application\/ld+json\" class=\"yoast-schema-graph\">{\"@context\":\"https:\/\/schema.org\",\"@graph\":[{\"@type\":\"WebSite\",\"@id\":\"https:\/\/crecre.christelle-daures.com\/blog\/#website\",\"url\":\"https:\/\/crecre.christelle-daures.com\/blog\/\",\"name\":\"Crecre\",\"description\":\"illustrations\",\"potentialAction\":[{\"@type\":\"SearchAction\",\"target\":{\"@type\":\"EntryPoint\",\"urlTemplate\":\"https:\/\/crecre.christelle-daures.com\/blog\/?s={search_term_string}\"},\"query-input\":\"required name=search_term_string\"}],\"inLanguage\":\"fr-FR\"},{\"@type\":\"ImageObject\",\"@id\":\"https:\/\/crecre.christelle-daures.com\/blog\/2013\/05\/summer-dress-un-air-dete.html#primaryimage\",\"inLanguage\":\"fr-FR\",\"url\":\"https:\/\/crecre.christelle-daures.com\/blog\/wp-content\/uploads\/2014\/05\/fashion-dress-summer-crecre-illustration-fille-belle-robe-mode-1.jpg\",\"contentUrl\":\"https:\/\/crecre.christelle-daures.com\/blog\/wp-content\/uploads\/2014\/05\/fashion-dress-summer-crecre-illustration-fille-belle-robe-mode-1.jpg\",\"width\":1000,\"height\":769},{\"@type\":\"WebPage\",\"@id\":\"https:\/\/crecre.christelle-daures.com\/blog\/2013\/05\/summer-dress-un-air-dete.html#webpage\",\"url\":\"https:\/\/crecre.christelle-daures.com\/blog\/2013\/05\/summer-dress-un-air-dete.html\",\"name\":\"Summer dress - Un air d'\u00e9t\u00e9 - Crecre\",\"isPartOf\":{\"@id\":\"https:\/\/crecre.christelle-daures.com\/blog\/#website\"},\"primaryImageOfPage\":{\"@id\":\"https:\/\/crecre.christelle-daures.com\/blog\/2013\/05\/summer-dress-un-air-dete.html#primaryimage\"},\"datePublished\":\"2013-05-30T18:33:00+00:00\",\"dateModified\":\"2017-03-28T20:17:31+00:00\",\"author\":{\"@id\":\"https:\/\/crecre.christelle-daures.com\/blog\/#\/schema\/person\/05937ad9e3d50dce6a965d336f0d3768\"},\"breadcrumb\":{\"@id\":\"https:\/\/crecre.christelle-daures.com\/blog\/2013\/05\/summer-dress-un-air-dete.html#breadcrumb\"},\"inLanguage\":\"fr-FR\",\"potentialAction\":[{\"@type\":\"ReadAction\",\"target\":[\"https:\/\/crecre.christelle-daures.com\/blog\/2013\/05\/summer-dress-un-air-dete.html\"]}]},{\"@type\":\"BreadcrumbList\",\"@id\":\"https:\/\/crecre.christelle-daures.com\/blog\/2013\/05\/summer-dress-un-air-dete.html#breadcrumb\",\"itemListElement\":[{\"@type\":\"ListItem\",\"position\":1,\"name\":\"Accueil\",\"item\":\"https:\/\/crecre.christelle-daures.com\/blog\"},{\"@type\":\"ListItem\",\"position\":2,\"name\":\"Summer dress &#8211; Un air d&rsquo;\u00e9t\u00e9\"}]},{\"@type\":\"Person\",\"@id\":\"https:\/\/crecre.christelle-daures.com\/blog\/#\/schema\/person\/05937ad9e3d50dce6a965d336f0d3768\",\"name\":\"Crecre\",\"image\":{\"@type\":\"ImageObject\",\"@id\":\"https:\/\/crecre.christelle-daures.com\/blog\/#personlogo\",\"inLanguage\":\"fr-FR\",\"url\":\"https:\/\/secure.gravatar.com\/avatar\/?s=96&d=mm&r=g\",\"contentUrl\":\"https:\/\/secure.gravatar.com\/avatar\/?s=96&d=mm&r=g\",\"caption\":\"Crecre\"},\"url\":\"https:\/\/crecre.christelle-daures.com\/blog\/author\/crecre\"}]}<\/script>\n<!-- \/ Yoast SEO plugin. -->","yoast_head_json":{"title":"Summer dress - Un air d'\u00e9t\u00e9 - Crecre","robots":{"index":"index","follow":"follow","max-snippet":"max-snippet:-1","max-image-preview":"max-image-preview:large","max-video-preview":"max-video-preview:-1"},"canonical":"https:\/\/crecre.christelle-daures.com\/blog\/2013\/05\/summer-dress-un-air-dete.html","og_locale":"fr_FR","og_type":"article","og_title":"Summer dress - Un air d'\u00e9t\u00e9 - Crecre","og_description":"Nouvelle illustration avec un air d&rsquo;\u00e9t\u00e9, \u00e0 d\u00e9faut d&rsquo;avoir du beau temps, je mets des \u00a0couleurs et du soleil dans mes illustrations. J&rsquo;ai mis pas mal de temps \u00e0 la r\u00e9aliser, avec \u00a0tous les petits d\u00e9tails, et la robe en enti\u00e8re. Et finalement, j&rsquo;aime beaucoup...","og_url":"https:\/\/crecre.christelle-daures.com\/blog\/2013\/05\/summer-dress-un-air-dete.html","og_site_name":"Crecre","article_published_time":"2013-05-30T18:33:00+00:00","article_modified_time":"2017-03-28T20:17:31+00:00","og_image":[{"width":1000,"height":769,"url":"https:\/\/crecre.christelle-daures.com\/blog\/wp-content\/uploads\/2014\/05\/fashion-dress-summer-crecre-illustration-fille-belle-robe-mode-1.jpg","type":"image\/jpeg"}],"twitter_card":"summary_large_image","twitter_misc":{"\u00c9crit par":"Crecre","Dur\u00e9e de lecture estim\u00e9e":"1 minute"},"schema":{"@context":"https:\/\/schema.org","@graph":[{"@type":"WebSite","@id":"https:\/\/crecre.christelle-daures.com\/blog\/#website","url":"https:\/\/crecre.christelle-daures.com\/blog\/","name":"Crecre","description":"illustrations","potentialAction":[{"@type":"SearchAction","target":{"@type":"EntryPoint","urlTemplate":"https:\/\/crecre.christelle-daures.com\/blog\/?s={search_term_string}"},"query-input":"required name=search_term_string"}],"inLanguage":"fr-FR"},{"@type":"ImageObject","@id":"https:\/\/crecre.christelle-daures.com\/blog\/2013\/05\/summer-dress-un-air-dete.html#primaryimage","inLanguage":"fr-FR","url":"https:\/\/crecre.christelle-daures.com\/blog\/wp-content\/uploads\/2014\/05\/fashion-dress-summer-crecre-illustration-fille-belle-robe-mode-1.jpg","contentUrl":"https:\/\/crecre.christelle-daures.com\/blog\/wp-content\/uploads\/2014\/05\/fashion-dress-summer-crecre-illustration-fille-belle-robe-mode-1.jpg","width":1000,"height":769},{"@type":"WebPage","@id":"https:\/\/crecre.christelle-daures.com\/blog\/2013\/05\/summer-dress-un-air-dete.html#webpage","url":"https:\/\/crecre.christelle-daures.com\/blog\/2013\/05\/summer-dress-un-air-dete.html","name":"Summer dress - Un air d'\u00e9t\u00e9 - Crecre","isPartOf":{"@id":"https:\/\/crecre.christelle-daures.com\/blog\/#website"},"primaryImageOfPage":{"@id":"https:\/\/crecre.christelle-daures.com\/blog\/2013\/05\/summer-dress-un-air-dete.html#primaryimage"},"datePublished":"2013-05-30T18:33:00+00:00","dateModified":"2017-03-28T20:17:31+00:00","author":{"@id":"https:\/\/crecre.christelle-daures.com\/blog\/#\/schema\/person\/05937ad9e3d50dce6a965d336f0d3768"},"breadcrumb":{"@id":"https:\/\/crecre.christelle-daures.com\/blog\/2013\/05\/summer-dress-un-air-dete.html#breadcrumb"},"inLanguage":"fr-FR","potentialAction":[{"@type":"ReadAction","target":["https:\/\/crecre.christelle-daures.com\/blog\/2013\/05\/summer-dress-un-air-dete.html"]}]},{"@type":"BreadcrumbList","@id":"https:\/\/crecre.christelle-daures.com\/blog\/2013\/05\/summer-dress-un-air-dete.html#breadcrumb","itemListElement":[{"@type":"ListItem","position":1,"name":"Accueil","item":"https:\/\/crecre.christelle-daures.com\/blog"},{"@type":"ListItem","position":2,"name":"Summer dress &#8211; Un air d&rsquo;\u00e9t\u00e9"}]},{"@type":"Person","@id":"https:\/\/crecre.christelle-daures.com\/blog\/#\/schema\/person\/05937ad9e3d50dce6a965d336f0d3768","name":"Crecre","image":{"@type":"ImageObject","@id":"https:\/\/crecre.christelle-daures.com\/blog\/#personlogo","inLanguage":"fr-FR","url":"https:\/\/secure.gravatar.com\/avatar\/?s=96&d=mm&r=g","contentUrl":"https:\/\/secure.gravatar.com\/avatar\/?s=96&d=mm&r=g","caption":"Crecre"},"url":"https:\/\/crecre.christelle-daures.com\/blog\/author\/crecre"}]}},"_links":{"self":[{"href":"https:\/\/crecre.christelle-daures.com\/blog\/wp-json\/wp\/v2\/posts\/50"}],"collection":[{"href":"https:\/\/crecre.christelle-daures.com\/blog\/wp-json\/wp\/v2\/posts"}],"about":[{"href":"https:\/\/crecre.christelle-daures.com\/blog\/wp-json\/wp\/v2\/types\/post"}],"author":[{"embeddable":true,"href":"https:\/\/crecre.christelle-daures.com\/blog\/wp-json\/wp\/v2\/users\/2"}],"replies":[{"embeddable":true,"href":"https:\/\/crecre.christelle-daures.com\/blog\/wp-json\/wp\/v2\/comments?post=50"}],"version-history":[{"count":4,"href":"https:\/\/crecre.christelle-daures.com\/blog\/wp-json\/wp\/v2\/posts\/50\/revisions"}],"predecessor-version":[{"id":1576,"href":"https:\/\/crecre.christelle-daures.com\/blog\/wp-json\/wp\/v2\/posts\/50\/revisions\/1576"}],"wp:featuredmedia":[{"embeddable":true,"href":"https:\/\/crecre.christelle-daures.com\/blog\/wp-json\/wp\/v2\/media\/1551"}],"wp:attachment":[{"href":"https:\/\/crecre.christelle-daures.com\/blog\/wp-json\/wp\/v2\/media?parent=50"}],"wp:term":[{"taxonomy":"category","embeddable":true,"href":"https:\/\/crecre.christelle-daures.com\/blog\/wp-json\/wp\/v2\/categories?post=50"},{"taxonomy":"post_tag","embeddable":true,"href":"https:\/\/crecre.christelle-daures.com\/blog\/wp-json\/wp\/v2\/tags?post=50"}],"curies":[{"name":"wp","href":"https:\/\/api.w.org\/{rel}","templated":true}]}}