{"id":710,"date":"2015-12-23T19:11:25","date_gmt":"2015-12-23T18:11:25","guid":{"rendered":"http:\/\/crecre.christelle-daures.com\/blog\/?p=710"},"modified":"2017-03-28T17:23:16","modified_gmt":"2017-03-28T16:23:16","slug":"fond-decran-merry-christmas","status":"publish","type":"post","link":"https:\/\/crecre.christelle-daures.com\/blog\/2015\/12\/fond-decran-merry-christmas.html","title":{"rendered":"Fond d&rsquo;\u00e9cran \u00ab\u00a0Merry Christmas\u00a0\u00bb"},"content":{"rendered":"<p style=\"text-align: center;\"><a href=\"http:\/\/crecre.christelle-daures.com\/blog\/wp-content\/uploads\/2015\/12\/noel-2015-crecre-fond-ecran-graphisme.png\"><img loading=\"lazy\" class=\"alignnone size-full wp-image-721\" src=\"http:\/\/crecre.christelle-daures.com\/blog\/wp-content\/uploads\/2015\/12\/noel-2015-crecre-fond-ecran-graphisme.png\" alt=\"\" width=\"800\" height=\"616\" srcset=\"https:\/\/crecre.christelle-daures.com\/blog\/wp-content\/uploads\/2015\/12\/noel-2015-crecre-fond-ecran-graphisme.png 800w, https:\/\/crecre.christelle-daures.com\/blog\/wp-content\/uploads\/2015\/12\/noel-2015-crecre-fond-ecran-graphisme-300x231.png 300w, https:\/\/crecre.christelle-daures.com\/blog\/wp-content\/uploads\/2015\/12\/noel-2015-crecre-fond-ecran-graphisme-768x591.png 768w\" sizes=\"(max-width: 800px) 100vw, 800px\" \/><\/a><\/p>\n<p style=\"text-align: center;\"><span style=\"color: #ffd500;\">\u2606\u00a0<span style=\"color: #ff0055;\">\u2606<\/span>\u00a0\u2606<\/span><\/p>\n<p style=\"text-align: center;\">Je vous partage <strong>un nouveau fond d&rsquo;\u00e9cran<\/strong> pour\u00a0habiller<\/p>\n<p style=\"text-align: center;\">votre <strong>smartphone<\/strong> aux couleurs de <strong>No\u00ebl<\/strong> :)<\/p>\n<p style=\"text-align: center;\"><span style=\"color: #ffd500;\"><span style=\"color: #ff0055;\">\u2606<\/span>\u00a0\u2606<span style=\"color: #ff0055;\">\u00a0\u2606<\/span><\/span><\/p>\n<p>&nbsp;<\/p>\n<p style=\"text-align: center;\"><span style=\"color: #999999;\"><b>iPhone 6 +<\/b><\/span><\/p>\n<p style=\"text-align: center;\"><a href=\"http:\/\/crecre.christelle-daures.com\/blog\/wp-content\/uploads\/2015\/12\/iphone6.png\" rel=\"attachment wp-att-717\"><img loading=\"lazy\" class=\"wp-image-717 alignnone\" src=\"http:\/\/crecre.christelle-daures.com\/blog\/wp-content\/uploads\/2015\/12\/iphone6.png\" alt=\"iphone6\" width=\"237\" height=\"422\" \/><\/a>\u00a0 \u00a0 \u00a0 \u00a0 \u00a0<a href=\"http:\/\/crecre.christelle-daures.com\/blog\/wp-content\/uploads\/2015\/12\/iphone-6-2-1.png\" rel=\"attachment wp-att-722\"><img loading=\"lazy\" class=\"wp-image-722 alignnone\" src=\"http:\/\/crecre.christelle-daures.com\/blog\/wp-content\/uploads\/2015\/12\/iphone-6-2-1.png\" alt=\"iphone-6+-2\" width=\"233\" height=\"414\" srcset=\"https:\/\/crecre.christelle-daures.com\/blog\/wp-content\/uploads\/2015\/12\/iphone-6-2-1.png 576w, https:\/\/crecre.christelle-daures.com\/blog\/wp-content\/uploads\/2015\/12\/iphone-6-2-1-169x300.png 169w\" sizes=\"(max-width: 233px) 100vw, 233px\" \/><\/a><\/p>\n<p style=\"text-align: center;\"><b style=\"color: #666666; font-family: Georgia, 'Times New Roman', serif;\">iPhone 6<\/b><\/p>\n<p style=\"text-align: center;\"><a href=\"http:\/\/crecre.christelle-daures.com\/blog\/wp-content\/uploads\/2015\/12\/iphone6.png\" rel=\"attachment wp-att-727\"><img loading=\"lazy\" class=\"alignnone wp-image-727\" src=\"http:\/\/crecre.christelle-daures.com\/blog\/wp-content\/uploads\/2015\/12\/iphone6.png\" alt=\"iphone6\" width=\"242\" height=\"426\" \/>\u00a0 \u00a0 \u00a0 \u00a0 \u00a0<\/a><a href=\"http:\/\/crecre.christelle-daures.com\/blog\/wp-content\/uploads\/2015\/12\/iphone6-2.png\" rel=\"attachment wp-att-726\"><img loading=\"lazy\" class=\"alignnone wp-image-726\" src=\"http:\/\/crecre.christelle-daures.com\/blog\/wp-content\/uploads\/2015\/12\/iphone6-2.png\" alt=\"iphone6-2\" width=\"241\" height=\"427\" \/><\/a><\/p>\n<p style=\"text-align: center;\"><b style=\"color: #666666; font-family: Georgia, 'Times New Roman', serif;\">iPhone 5 &#8211; 5s<\/b><\/p>\n<p style=\"text-align: center;\"><a href=\"http:\/\/crecre.christelle-daures.com\/blog\/wp-content\/uploads\/2015\/12\/iphone5.png\" rel=\"attachment wp-att-731\"><img loading=\"lazy\" class=\"alignnone wp-image-731\" src=\"http:\/\/crecre.christelle-daures.com\/blog\/wp-content\/uploads\/2015\/12\/iphone5.png\" alt=\"iphone5\" width=\"230\" height=\"405\" \/><\/a> \u00a0 \u00a0 \u00a0 \u00a0 \u00a0<a href=\"http:\/\/crecre.christelle-daures.com\/blog\/wp-content\/uploads\/2015\/12\/iphone5-2.png\" rel=\"attachment wp-att-732\"><img loading=\"lazy\" class=\"alignnone wp-image-732\" src=\"http:\/\/crecre.christelle-daures.com\/blog\/wp-content\/uploads\/2015\/12\/iphone5-2.png\" alt=\"iphone5-2\" width=\"227\" height=\"412\" \/><\/a><\/p>\n<p style=\"text-align: center;\"><span style=\"color: #999999;\"><b>iPhone 4 &#8211; 4s<\/b><\/span><\/p>\n<p style=\"text-align: center;\"><a href=\"http:\/\/crecre.christelle-daures.com\/blog\/wp-content\/uploads\/2015\/12\/iphone4.png\" rel=\"attachment wp-att-734\"><img loading=\"lazy\" class=\"alignnone wp-image-734\" src=\"http:\/\/crecre.christelle-daures.com\/blog\/wp-content\/uploads\/2015\/12\/iphone4.png\" alt=\"iphone4\" width=\"229\" height=\"367\" \/>\u00a0 \u00a0 \u00a0 \u00a0 \u00a0<\/a><a href=\"http:\/\/crecre.christelle-daures.com\/blog\/wp-content\/uploads\/2015\/12\/iphone4-2.png\" rel=\"attachment wp-att-733\"><img loading=\"lazy\" class=\"alignnone wp-image-733\" src=\"http:\/\/crecre.christelle-daures.com\/blog\/wp-content\/uploads\/2015\/12\/iphone4-2.png\" alt=\"iphone4-2\" width=\"229\" height=\"341\" \/><\/a><\/p>\n","protected":false},"excerpt":{"rendered":"<p>\u2606\u00a0\u2606\u00a0\u2606 Je vous partage un nouveau fond d&rsquo;\u00e9cran pour\u00a0habiller votre smartphone aux couleurs de No\u00ebl :) \u2606\u00a0\u2606\u00a0\u2606 &nbsp; iPhone 6 + \u00a0 \u00a0 \u00a0 \u00a0 \u00a0 iPhone 6 \u00a0 \u00a0 \u00a0 \u00a0 \u00a0 iPhone 5 &#8211; 5s \u00a0 \u00a0 \u00a0 \u00a0 \u00a0 iPhone 4 &#8211;&#8230;<\/p>\n","protected":false},"author":1,"featured_media":721,"comment_status":"open","ping_status":"open","sticky":false,"template":"","format":"standard","meta":[],"categories":[2],"tags":[],"yoast_head":"<!-- This site is optimized with the Yoast SEO plugin v18.4.1 - https:\/\/yoast.com\/wordpress\/plugins\/seo\/ -->\n<title>Fond d&#039;\u00e9cran &quot;Merry Christmas&quot; - Crecre<\/title>\n<meta name=\"robots\" content=\"index, follow, max-snippet:-1, max-image-preview:large, max-video-preview:-1\" \/>\n<link rel=\"canonical\" href=\"https:\/\/crecre.christelle-daures.com\/blog\/2015\/12\/fond-decran-merry-christmas.html\" \/>\n<meta property=\"og:locale\" content=\"fr_FR\" \/>\n<meta property=\"og:type\" content=\"article\" \/>\n<meta property=\"og:title\" content=\"Fond d&#039;\u00e9cran &quot;Merry Christmas&quot; - Crecre\" \/>\n<meta property=\"og:description\" content=\"\u2606\u00a0\u2606\u00a0\u2606 Je vous partage un nouveau fond d&rsquo;\u00e9cran pour\u00a0habiller votre smartphone aux couleurs de No\u00ebl :) \u2606\u00a0\u2606\u00a0\u2606 &nbsp; iPhone 6 + \u00a0 \u00a0 \u00a0 \u00a0 \u00a0 iPhone 6 \u00a0 \u00a0 \u00a0 \u00a0 \u00a0 iPhone 5 &#8211; 5s \u00a0 \u00a0 \u00a0 \u00a0 \u00a0 iPhone 4 &#8211;...\" \/>\n<meta property=\"og:url\" content=\"https:\/\/crecre.christelle-daures.com\/blog\/2015\/12\/fond-decran-merry-christmas.html\" \/>\n<meta property=\"og:site_name\" content=\"Crecre\" \/>\n<meta property=\"article:author\" content=\"https:\/\/www.facebook.com\/Crecre-187896058009385\/\" \/>\n<meta property=\"article:published_time\" content=\"2015-12-23T18:11:25+00:00\" \/>\n<meta property=\"article:modified_time\" content=\"2017-03-28T16:23:16+00:00\" \/>\n<meta property=\"og:image\" content=\"https:\/\/crecre.christelle-daures.com\/blog\/wp-content\/uploads\/2015\/12\/noel-2015-crecre-fond-ecran-graphisme.png\" \/>\n\t<meta property=\"og:image:width\" content=\"800\" \/>\n\t<meta property=\"og:image:height\" content=\"616\" \/>\n\t<meta property=\"og:image:type\" content=\"image\/png\" \/>\n<meta name=\"twitter:card\" content=\"summary_large_image\" \/>\n<meta name=\"twitter:label1\" content=\"\u00c9crit par\" \/>\n\t<meta name=\"twitter:data1\" content=\"Christelle\" \/>\n<script type=\"application\/ld+json\" class=\"yoast-schema-graph\">{\"@context\":\"https:\/\/schema.org\",\"@graph\":[{\"@type\":\"WebSite\",\"@id\":\"https:\/\/crecre.christelle-daures.com\/blog\/#website\",\"url\":\"https:\/\/crecre.christelle-daures.com\/blog\/\",\"name\":\"Crecre\",\"description\":\"illustrations\",\"potentialAction\":[{\"@type\":\"SearchAction\",\"target\":{\"@type\":\"EntryPoint\",\"urlTemplate\":\"https:\/\/crecre.christelle-daures.com\/blog\/?s={search_term_string}\"},\"query-input\":\"required name=search_term_string\"}],\"inLanguage\":\"fr-FR\"},{\"@type\":\"ImageObject\",\"@id\":\"https:\/\/crecre.christelle-daures.com\/blog\/2015\/12\/fond-decran-merry-christmas.html#primaryimage\",\"inLanguage\":\"fr-FR\",\"url\":\"https:\/\/crecre.christelle-daures.com\/blog\/wp-content\/uploads\/2015\/12\/noel-2015-crecre-fond-ecran-graphisme.png\",\"contentUrl\":\"https:\/\/crecre.christelle-daures.com\/blog\/wp-content\/uploads\/2015\/12\/noel-2015-crecre-fond-ecran-graphisme.png\",\"width\":800,\"height\":616},{\"@type\":\"WebPage\",\"@id\":\"https:\/\/crecre.christelle-daures.com\/blog\/2015\/12\/fond-decran-merry-christmas.html#webpage\",\"url\":\"https:\/\/crecre.christelle-daures.com\/blog\/2015\/12\/fond-decran-merry-christmas.html\",\"name\":\"Fond d'\u00e9cran \\\"Merry Christmas\\\" - Crecre\",\"isPartOf\":{\"@id\":\"https:\/\/crecre.christelle-daures.com\/blog\/#website\"},\"primaryImageOfPage\":{\"@id\":\"https:\/\/crecre.christelle-daures.com\/blog\/2015\/12\/fond-decran-merry-christmas.html#primaryimage\"},\"datePublished\":\"2015-12-23T18:11:25+00:00\",\"dateModified\":\"2017-03-28T16:23:16+00:00\",\"author\":{\"@id\":\"https:\/\/crecre.christelle-daures.com\/blog\/#\/schema\/person\/7fed972ff890c5e040b33a7809077a56\"},\"breadcrumb\":{\"@id\":\"https:\/\/crecre.christelle-daures.com\/blog\/2015\/12\/fond-decran-merry-christmas.html#breadcrumb\"},\"inLanguage\":\"fr-FR\",\"potentialAction\":[{\"@type\":\"ReadAction\",\"target\":[\"https:\/\/crecre.christelle-daures.com\/blog\/2015\/12\/fond-decran-merry-christmas.html\"]}]},{\"@type\":\"BreadcrumbList\",\"@id\":\"https:\/\/crecre.christelle-daures.com\/blog\/2015\/12\/fond-decran-merry-christmas.html#breadcrumb\",\"itemListElement\":[{\"@type\":\"ListItem\",\"position\":1,\"name\":\"Accueil\",\"item\":\"https:\/\/crecre.christelle-daures.com\/blog\"},{\"@type\":\"ListItem\",\"position\":2,\"name\":\"Fond d&rsquo;\u00e9cran \u00ab\u00a0Merry Christmas\u00a0\u00bb\"}]},{\"@type\":\"Person\",\"@id\":\"https:\/\/crecre.christelle-daures.com\/blog\/#\/schema\/person\/7fed972ff890c5e040b33a7809077a56\",\"name\":\"Christelle\",\"image\":{\"@type\":\"ImageObject\",\"@id\":\"https:\/\/crecre.christelle-daures.com\/blog\/#personlogo\",\"inLanguage\":\"fr-FR\",\"url\":\"https:\/\/secure.gravatar.com\/avatar\/aed762e140f734e7f8b6b4d4798407d2?s=96&d=mm&r=g\",\"contentUrl\":\"https:\/\/secure.gravatar.com\/avatar\/aed762e140f734e7f8b6b4d4798407d2?s=96&d=mm&r=g\",\"caption\":\"Christelle\"},\"description\":\"Christelle Daures, illustratrice et graphiste de 24 ans. J'aime dessiner et m'inspirer de la mode. Originaire de Lyon, apr\u00e8s \u00eatre pass\u00e9e par Rennes, j'ai adopt\u00e9 Nantes.\",\"sameAs\":[\"http:\/\/christelle-daures.com\/\",\"https:\/\/www.facebook.com\/Crecre-187896058009385\/\",\"https:\/\/instagram.com\/crecre17\/\",\"https:\/\/www.pinterest.com\/crecre01\/\"],\"url\":\"https:\/\/crecre.christelle-daures.com\/blog\/author\/christelle\"}]}<\/script>\n<!-- \/ Yoast SEO plugin. -->","yoast_head_json":{"title":"Fond d'\u00e9cran \"Merry Christmas\" - Crecre","robots":{"index":"index","follow":"follow","max-snippet":"max-snippet:-1","max-image-preview":"max-image-preview:large","max-video-preview":"max-video-preview:-1"},"canonical":"https:\/\/crecre.christelle-daures.com\/blog\/2015\/12\/fond-decran-merry-christmas.html","og_locale":"fr_FR","og_type":"article","og_title":"Fond d'\u00e9cran \"Merry Christmas\" - Crecre","og_description":"\u2606\u00a0\u2606\u00a0\u2606 Je vous partage un nouveau fond d&rsquo;\u00e9cran pour\u00a0habiller votre smartphone aux couleurs de No\u00ebl :) \u2606\u00a0\u2606\u00a0\u2606 &nbsp; iPhone 6 + \u00a0 \u00a0 \u00a0 \u00a0 \u00a0 iPhone 6 \u00a0 \u00a0 \u00a0 \u00a0 \u00a0 iPhone 5 &#8211; 5s \u00a0 \u00a0 \u00a0 \u00a0 \u00a0 iPhone 4 &#8211;...","og_url":"https:\/\/crecre.christelle-daures.com\/blog\/2015\/12\/fond-decran-merry-christmas.html","og_site_name":"Crecre","article_author":"https:\/\/www.facebook.com\/Crecre-187896058009385\/","article_published_time":"2015-12-23T18:11:25+00:00","article_modified_time":"2017-03-28T16:23:16+00:00","og_image":[{"width":800,"height":616,"url":"https:\/\/crecre.christelle-daures.com\/blog\/wp-content\/uploads\/2015\/12\/noel-2015-crecre-fond-ecran-graphisme.png","type":"image\/png"}],"twitter_card":"summary_large_image","twitter_misc":{"\u00c9crit par":"Christelle"},"schema":{"@context":"https:\/\/schema.org","@graph":[{"@type":"WebSite","@id":"https:\/\/crecre.christelle-daures.com\/blog\/#website","url":"https:\/\/crecre.christelle-daures.com\/blog\/","name":"Crecre","description":"illustrations","potentialAction":[{"@type":"SearchAction","target":{"@type":"EntryPoint","urlTemplate":"https:\/\/crecre.christelle-daures.com\/blog\/?s={search_term_string}"},"query-input":"required name=search_term_string"}],"inLanguage":"fr-FR"},{"@type":"ImageObject","@id":"https:\/\/crecre.christelle-daures.com\/blog\/2015\/12\/fond-decran-merry-christmas.html#primaryimage","inLanguage":"fr-FR","url":"https:\/\/crecre.christelle-daures.com\/blog\/wp-content\/uploads\/2015\/12\/noel-2015-crecre-fond-ecran-graphisme.png","contentUrl":"https:\/\/crecre.christelle-daures.com\/blog\/wp-content\/uploads\/2015\/12\/noel-2015-crecre-fond-ecran-graphisme.png","width":800,"height":616},{"@type":"WebPage","@id":"https:\/\/crecre.christelle-daures.com\/blog\/2015\/12\/fond-decran-merry-christmas.html#webpage","url":"https:\/\/crecre.christelle-daures.com\/blog\/2015\/12\/fond-decran-merry-christmas.html","name":"Fond d'\u00e9cran \"Merry Christmas\" - Crecre","isPartOf":{"@id":"https:\/\/crecre.christelle-daures.com\/blog\/#website"},"primaryImageOfPage":{"@id":"https:\/\/crecre.christelle-daures.com\/blog\/2015\/12\/fond-decran-merry-christmas.html#primaryimage"},"datePublished":"2015-12-23T18:11:25+00:00","dateModified":"2017-03-28T16:23:16+00:00","author":{"@id":"https:\/\/crecre.christelle-daures.com\/blog\/#\/schema\/person\/7fed972ff890c5e040b33a7809077a56"},"breadcrumb":{"@id":"https:\/\/crecre.christelle-daures.com\/blog\/2015\/12\/fond-decran-merry-christmas.html#breadcrumb"},"inLanguage":"fr-FR","potentialAction":[{"@type":"ReadAction","target":["https:\/\/crecre.christelle-daures.com\/blog\/2015\/12\/fond-decran-merry-christmas.html"]}]},{"@type":"BreadcrumbList","@id":"https:\/\/crecre.christelle-daures.com\/blog\/2015\/12\/fond-decran-merry-christmas.html#breadcrumb","itemListElement":[{"@type":"ListItem","position":1,"name":"Accueil","item":"https:\/\/crecre.christelle-daures.com\/blog"},{"@type":"ListItem","position":2,"name":"Fond d&rsquo;\u00e9cran \u00ab\u00a0Merry Christmas\u00a0\u00bb"}]},{"@type":"Person","@id":"https:\/\/crecre.christelle-daures.com\/blog\/#\/schema\/person\/7fed972ff890c5e040b33a7809077a56","name":"Christelle","image":{"@type":"ImageObject","@id":"https:\/\/crecre.christelle-daures.com\/blog\/#personlogo","inLanguage":"fr-FR","url":"https:\/\/secure.gravatar.com\/avatar\/aed762e140f734e7f8b6b4d4798407d2?s=96&d=mm&r=g","contentUrl":"https:\/\/secure.gravatar.com\/avatar\/aed762e140f734e7f8b6b4d4798407d2?s=96&d=mm&r=g","caption":"Christelle"},"description":"Christelle Daures, illustratrice et graphiste de 24 ans. J'aime dessiner et m'inspirer de la mode. Originaire de Lyon, apr\u00e8s \u00eatre pass\u00e9e par Rennes, j'ai adopt\u00e9 Nantes.","sameAs":["http:\/\/christelle-daures.com\/","https:\/\/www.facebook.com\/Crecre-187896058009385\/","https:\/\/instagram.com\/crecre17\/","https:\/\/www.pinterest.com\/crecre01\/"],"url":"https:\/\/crecre.christelle-daures.com\/blog\/author\/christelle"}]}},"_links":{"self":[{"href":"https:\/\/crecre.christelle-daures.com\/blog\/wp-json\/wp\/v2\/posts\/710"}],"collection":[{"href":"https:\/\/crecre.christelle-daures.com\/blog\/wp-json\/wp\/v2\/posts"}],"about":[{"href":"https:\/\/crecre.christelle-daures.com\/blog\/wp-json\/wp\/v2\/types\/post"}],"author":[{"embeddable":true,"href":"https:\/\/crecre.christelle-daures.com\/blog\/wp-json\/wp\/v2\/users\/1"}],"replies":[{"embeddable":true,"href":"https:\/\/crecre.christelle-daures.com\/blog\/wp-json\/wp\/v2\/comments?post=710"}],"version-history":[{"count":15,"href":"https:\/\/crecre.christelle-daures.com\/blog\/wp-json\/wp\/v2\/posts\/710\/revisions"}],"predecessor-version":[{"id":1404,"href":"https:\/\/crecre.christelle-daures.com\/blog\/wp-json\/wp\/v2\/posts\/710\/revisions\/1404"}],"wp:featuredmedia":[{"embeddable":true,"href":"https:\/\/crecre.christelle-daures.com\/blog\/wp-json\/wp\/v2\/media\/721"}],"wp:attachment":[{"href":"https:\/\/crecre.christelle-daures.com\/blog\/wp-json\/wp\/v2\/media?parent=710"}],"wp:term":[{"taxonomy":"category","embeddable":true,"href":"https:\/\/crecre.christelle-daures.com\/blog\/wp-json\/wp\/v2\/categories?post=710"},{"taxonomy":"post_tag","embeddable":true,"href":"https:\/\/crecre.christelle-daures.com\/blog\/wp-json\/wp\/v2\/tags?post=710"}],"curies":[{"name":"wp","href":"https:\/\/api.w.org\/{rel}","templated":true}]}}